{"id":41,"count":17,"description":"Tekintse meg napt\u00e1runkat, ahol t\u00e1j\u00e9koz\u00f3dhat az Auschwitz-Birkenau makettet bemutat\u00f3 kor\u00e1bbi \u00e9s k\u00f6zelg\u0151 esem\u00e9nyekr\u0151l. Az esem\u00e9nyek lehet\u0151s\u00e9get k\u00edn\u00e1l arra, hogy m\u00e9lyebben megismerje a t\u00f6rt\u00e9nelmet, \u00e9s elgondolkodjon a holokauszt hat\u00e1sain.","link":"https:\/\/exhis.eu\/?cat=41&lang=hu","name":"Esem\u00e9nyek","slug":"esemenynaptar","taxonomy":"category","parent":0,"meta":[],"_links":{"self":[{"href":"https:\/\/exhis.eu\/index.php?rest_route=\/wp\/v2\/categories\/41","targetHints":{"allow":["GET"]}}],"collection":[{"href":"https:\/\/exhis.eu\/index.php?rest_route=\/wp\/v2\/categories"}],"about":[{"href":"https:\/\/exhis.eu\/index.php?rest_route=\/wp\/v2\/taxonomies\/category"}],"wp:post_type":[{"href":"https:\/\/exhis.eu\/index.php?rest_route=%2Fwp%2Fv2%2Fposts&categories=41"}],"curies":[{"name":"wp","href":"https:\/\/api.w.org\/{rel}","templated":true}]}}