{"id":1003,"date":"2025-11-17T15:12:41","date_gmt":"2025-11-17T14:12:41","guid":{"rendered":"https:\/\/exhis.eu\/?p=1003"},"modified":"2025-11-17T15:20:31","modified_gmt":"2025-11-17T14:20:31","slug":"cel-de-al-treisprezecelea-eveniment-al-nostru-va-avea-loc-la-balassagyarmat-in-cladirea-liceului-balassi-balint-2","status":"publish","type":"post","link":"https:\/\/exhis.eu\/?p=1003&lang=ro","title":{"rendered":"Al cincisprezecelea \u0219i totodat\u0103 ultimul nostru eveniment din 2025 va avea loc la Miskolc, \u00een cl\u0103direa Liceului F\u00f6ldes Ferenc."},"content":{"rendered":"<p>Dup\u0103 expozi\u021bia de la Eger, prezentarea ajunge acum la Miskolc, unde va putea fi vizitat\u0103 \u00eencep\u00e2nd cu 17 noiembrie.<\/p>\n<p>La expozi\u021bie, tinerii no\u0219tri ghizi voluntari \u2014 instrui\u021bi de formatori experimenta\u021bi ai proiectului ExHis \u2014 vor prezenta modelul \u0219i contextul s\u0103u istoric.<!--more--><\/p>\n<p>Prin metoda \u00eenv\u0103\u021b\u0103rii bazate pe loc, dorim s\u0103 implic\u0103m tinerii, profesorii \u0219i speciali\u0219tii \u00een educa\u021bie, \u00eemp\u0103rt\u0103\u0219ind istoria Holocaustului \u0219i implica\u021biile sale istorice \u0219i sociale mai largi.<\/p>\n<p>Expozi\u021bia poate fi vizitat\u0103 pe baza unei \u00een\u021belegeri prealabile cu liceul.<\/p>\n<p>Loca\u021bia expozi\u021biei:<\/p>\n<p>Liceul F\u00f6ldes Ferenc<\/p>\n<p>3525 Miskolc, Strada Kelemen Did\u00e1k nr. 5.<\/p>\n","protected":false},"excerpt":{"rendered":"<p>Dup\u0103 expozi\u021bia de la Eger, prezentarea ajunge acum la Miskolc, unde va putea fi vizitat\u0103 \u00eencep\u00e2nd cu 17 noiembrie. La expozi\u021bie, tinerii no\u0219tri ghizi voluntari \u2014 instrui\u021bi de formatori experimenta\u021bi ai proiectului ExHis \u2014 vor prezenta modelul \u0219i contextul s\u0103u istoric.<\/p>\n","protected":false},"author":7,"featured_media":998,"comment_status":"open","ping_status":"open","sticky":false,"template":"","format":"standard","meta":{"ngg_post_thumbnail":0,"footnotes":""},"categories":[43],"tags":[],"class_list":["post-1003","post","type-post","status-publish","format-standard","has-post-thumbnail","hentry","category-evenimente"],"_links":{"self":[{"href":"https:\/\/exhis.eu\/index.php?rest_route=\/wp\/v2\/posts\/1003","targetHints":{"allow":["GET"]}}],"collection":[{"href":"https:\/\/exhis.eu\/index.php?rest_route=\/wp\/v2\/posts"}],"about":[{"href":"https:\/\/exhis.eu\/index.php?rest_route=\/wp\/v2\/types\/post"}],"author":[{"embeddable":true,"href":"https:\/\/exhis.eu\/index.php?rest_route=\/wp\/v2\/users\/7"}],"replies":[{"embeddable":true,"href":"https:\/\/exhis.eu\/index.php?rest_route=%2Fwp%2Fv2%2Fcomments&post=1003"}],"version-history":[{"count":2,"href":"https:\/\/exhis.eu\/index.php?rest_route=\/wp\/v2\/posts\/1003\/revisions"}],"predecessor-version":[{"id":1010,"href":"https:\/\/exhis.eu\/index.php?rest_route=\/wp\/v2\/posts\/1003\/revisions\/1010"}],"wp:featuredmedia":[{"embeddable":true,"href":"https:\/\/exhis.eu\/index.php?rest_route=\/wp\/v2\/media\/998"}],"wp:attachment":[{"href":"https:\/\/exhis.eu\/index.php?rest_route=%2Fwp%2Fv2%2Fmedia&parent=1003"}],"wp:term":[{"taxonomy":"category","embeddable":true,"href":"https:\/\/exhis.eu\/index.php?rest_route=%2Fwp%2Fv2%2Fcategories&post=1003"},{"taxonomy":"post_tag","embeddable":true,"href":"https:\/\/exhis.eu\/index.php?rest_route=%2Fwp%2Fv2%2Ftags&post=1003"}],"curies":[{"name":"wp","href":"https:\/\/api.w.org\/{rel}","templated":true}]}}