{"id":1755,"date":"2026-02-12T16:58:25","date_gmt":"2026-02-12T15:58:25","guid":{"rendered":"https:\/\/exhis.eu\/?p=1755"},"modified":"2026-02-12T17:00:37","modified_gmt":"2026-02-12T16:00:37","slug":"a-17-esemenyunkre-szombathelyen-az-oladi-technikumban-kerul-sor","status":"publish","type":"post","link":"https:\/\/exhis.eu\/?p=1755&lang=hu","title":{"rendered":"A 17. esem\u00e9ny\u00fcnkre Szombathelyen, az Oladi Technikumban ker\u00fcl sor."},"content":{"rendered":"<p>A p\u00e9csi ki\u00e1ll\u00edt\u00e1st k\u00f6vet\u0151en a t\u00e1rlat Szombathelyre \u00e9rkezik, ahol 2026. febru\u00e1r 16-t\u00f3l k\u00f6r\u00fclbel\u00fcl k\u00e9t h\u00e9ten \u00e1t lesz l\u00e1togathat\u00f3.<br \/>\nA kort\u00e1rs t\u00e1rlatvezet\u0151ink \u2013 akiket az ExHis projekt tapasztalt tr\u00e9nerei k\u00e9peztek \u2013 egy rendhagy\u00f3 t\u00f6rt\u00e9nelem\u00f3ra keret\u00e9ben, a makett bemutat\u00e1s\u00e1n kereszt\u00fcl besz\u00e9lnek az Auschwitz-Birkenau koncentr\u00e1ci\u00f3s t\u00e1borok t\u00f6rt\u00e9net\u00e9r\u0151l.<!--more--><br \/>\nC\u00e9lunk, hogy az \u00e9lm\u00e9nyalap\u00fa tanul\u00e1s m\u00f3dszer\u00e9n kereszt\u00fcl megsz\u00f3l\u00edtsuk a fiatalokat, pedag\u00f3gusokat, oktat\u00e1si szakembereket, megismertetj\u00fck sz\u00e1mukra a holokauszt t\u00f6rt\u00e9net\u00e9t, valamint annak t\u00e1gabb t\u00f6rt\u00e9nelmi \u00e9s t\u00e1rsadalmi \u00f6sszef\u00fcgg\u00e9seit.<br \/>\nA ki\u00e1ll\u00edt\u00e1s helysz\u00edne: Simon Istv\u00e1n u. 2.<\/p>\n","protected":false},"excerpt":{"rendered":"<p>A p\u00e9csi ki\u00e1ll\u00edt\u00e1st k\u00f6vet\u0151en a t\u00e1rlat Szombathelyre \u00e9rkezik, ahol 2026. febru\u00e1r 16-t\u00f3l k\u00f6r\u00fclbel\u00fcl k\u00e9t h\u00e9ten \u00e1t lesz l\u00e1togathat\u00f3. A kort\u00e1rs t\u00e1rlatvezet\u0151ink \u2013 akiket az ExHis projekt tapasztalt tr\u00e9nerei k\u00e9peztek \u2013 egy rendhagy\u00f3 t\u00f6rt\u00e9nelem\u00f3ra keret\u00e9ben, a makett bemutat\u00e1s\u00e1n kereszt\u00fcl besz\u00e9lnek az Auschwitz-Birkenau koncentr\u00e1ci\u00f3s t\u00e1borok t\u00f6rt\u00e9net\u00e9r\u0151l.<\/p>\n","protected":false},"author":7,"featured_media":1756,"comment_status":"open","ping_status":"open","sticky":false,"template":"","format":"standard","meta":{"ngg_post_thumbnail":0,"footnotes":""},"categories":[41],"tags":[],"class_list":["post-1755","post","type-post","status-publish","format-standard","has-post-thumbnail","hentry","category-esemenynaptar"],"_links":{"self":[{"href":"https:\/\/exhis.eu\/index.php?rest_route=\/wp\/v2\/posts\/1755","targetHints":{"allow":["GET"]}}],"collection":[{"href":"https:\/\/exhis.eu\/index.php?rest_route=\/wp\/v2\/posts"}],"about":[{"href":"https:\/\/exhis.eu\/index.php?rest_route=\/wp\/v2\/types\/post"}],"author":[{"embeddable":true,"href":"https:\/\/exhis.eu\/index.php?rest_route=\/wp\/v2\/users\/7"}],"replies":[{"embeddable":true,"href":"https:\/\/exhis.eu\/index.php?rest_route=%2Fwp%2Fv2%2Fcomments&post=1755"}],"version-history":[{"count":1,"href":"https:\/\/exhis.eu\/index.php?rest_route=\/wp\/v2\/posts\/1755\/revisions"}],"predecessor-version":[{"id":1757,"href":"https:\/\/exhis.eu\/index.php?rest_route=\/wp\/v2\/posts\/1755\/revisions\/1757"}],"wp:featuredmedia":[{"embeddable":true,"href":"https:\/\/exhis.eu\/index.php?rest_route=\/wp\/v2\/media\/1756"}],"wp:attachment":[{"href":"https:\/\/exhis.eu\/index.php?rest_route=%2Fwp%2Fv2%2Fmedia&parent=1755"}],"wp:term":[{"taxonomy":"category","embeddable":true,"href":"https:\/\/exhis.eu\/index.php?rest_route=%2Fwp%2Fv2%2Fcategories&post=1755"},{"taxonomy":"post_tag","embeddable":true,"href":"https:\/\/exhis.eu\/index.php?rest_route=%2Fwp%2Fv2%2Ftags&post=1755"}],"curies":[{"name":"wp","href":"https:\/\/api.w.org\/{rel}","templated":true}]}}