{"id":1760,"date":"2026-02-12T17:02:27","date_gmt":"2026-02-12T16:02:27","guid":{"rendered":"https:\/\/exhis.eu\/?p=1760"},"modified":"2026-02-12T17:03:08","modified_gmt":"2026-02-12T16:03:08","slug":"nase-17-podujatie-sa-uskutocni-v-meste-szombathely-na-skole-oladi-technikum","status":"publish","type":"post","link":"https:\/\/exhis.eu\/?p=1760&lang=sk","title":{"rendered":"Na\u0161e 17. podujatie sa uskuto\u010dn\u00ed v meste Szombathely na \u0161kole Oladi Technikum."},"content":{"rendered":"<p style=\"margin: 0cm 0cm 9.0pt 0cm;\"><span style=\"font-size: 15.0pt;\">Po v\u00fdstave v P\u00e9csi sa expoz\u00edcia pres\u00fava do Szombathely. V\u00fdstava bude pre verejnos\u0165 pr\u00edstupn\u00e1 od 12. febru\u00e1ra 2026 pribli\u017ene dva t\u00fd\u017edne.<\/span><\/p>\n<p style=\"font-width: normal; font-size-adjust: none; font-kerning: auto; font-variant-alternates: normal; font-variant-ligatures: normal; font-variant-numeric: normal; font-variant-east-asian: normal; font-variant-position: normal; font-feature-settings: normal; font-optical-sizing: auto; font-variation-settings: normal; -webkit-text-stroke-color: #000000; margin: 0cm 0cm 9.0pt 0cm;\"><span style=\"font-size: 15.0pt;\">Na v\u00fdstave bud\u00fa model a jeho historick\u00fd kontext prezentova\u0165 na\u0161i junior dobrovo\u013en\u00ed sprievodcovia, ktor\u00fdch vy\u0161kolili sk\u00fasen\u00ed tr\u00e9neri projektu ExHis.<\/span><!--more--><\/p>\n<p style=\"font-width: normal; font-size-adjust: none; font-kerning: auto; font-variant-alternates: normal; font-variant-ligatures: normal; font-variant-numeric: normal; font-variant-east-asian: normal; font-variant-position: normal; font-feature-settings: normal; font-optical-sizing: auto; font-variation-settings: normal; -webkit-text-stroke-color: #000000; margin: 0cm 0cm 9.0pt 0cm;\"><span style=\"font-size: 15.0pt;\">Prostredn\u00edctvom met\u00f3dy miestne ukotven\u00e9ho u\u010denia je na\u0161\u00edm cie\u013eom oslovi\u0165 mlad\u00fdch \u013eud\u00ed, pedag\u00f3gov a odborn\u00edkov v oblasti vzdel\u00e1vania a pribl\u00ed\u017ei\u0165 im hist\u00f3riu holokaustu, ako aj jej \u0161ir\u0161ie historick\u00e9 a spolo\u010densk\u00e9 s\u00favislosti.<\/span><\/p>\n<p style=\"font-width: normal; font-size-adjust: none; font-kerning: auto; font-variant-alternates: normal; font-variant-ligatures: normal; font-variant-numeric: normal; font-variant-east-asian: normal; font-variant-position: normal; font-feature-settings: normal; font-optical-sizing: auto; font-variation-settings: normal; -webkit-text-stroke-color: #000000; margin: 0cm 0cm 9.0pt 0cm;\"><span style=\"font-size: 15.0pt;\">Miesto konania v\u00fdstavy: Oladi Technikum, 9700 Szombathely, Simon Istv\u00e1n u. 2<\/span><\/p>\n","protected":false},"excerpt":{"rendered":"<p>Po v\u00fdstave v P\u00e9csi sa expoz\u00edcia pres\u00fava do Szombathely. V\u00fdstava bude pre verejnos\u0165 pr\u00edstupn\u00e1 od 12. febru\u00e1ra 2026 pribli\u017ene dva t\u00fd\u017edne. Na v\u00fdstave bud\u00fa model a jeho historick\u00fd kontext prezentova\u0165 na\u0161i junior dobrovo\u013en\u00ed sprievodcovia, ktor\u00fdch vy\u0161kolili sk\u00fasen\u00ed tr\u00e9neri projektu ExHis.<\/p>\n","protected":false},"author":7,"featured_media":1756,"comment_status":"open","ping_status":"open","sticky":false,"template":"","format":"standard","meta":{"ngg_post_thumbnail":0,"footnotes":""},"categories":[45],"tags":[],"class_list":["post-1760","post","type-post","status-publish","format-standard","has-post-thumbnail","hentry","category-udalosti"],"_links":{"self":[{"href":"https:\/\/exhis.eu\/index.php?rest_route=\/wp\/v2\/posts\/1760","targetHints":{"allow":["GET"]}}],"collection":[{"href":"https:\/\/exhis.eu\/index.php?rest_route=\/wp\/v2\/posts"}],"about":[{"href":"https:\/\/exhis.eu\/index.php?rest_route=\/wp\/v2\/types\/post"}],"author":[{"embeddable":true,"href":"https:\/\/exhis.eu\/index.php?rest_route=\/wp\/v2\/users\/7"}],"replies":[{"embeddable":true,"href":"https:\/\/exhis.eu\/index.php?rest_route=%2Fwp%2Fv2%2Fcomments&post=1760"}],"version-history":[{"count":1,"href":"https:\/\/exhis.eu\/index.php?rest_route=\/wp\/v2\/posts\/1760\/revisions"}],"predecessor-version":[{"id":1761,"href":"https:\/\/exhis.eu\/index.php?rest_route=\/wp\/v2\/posts\/1760\/revisions\/1761"}],"wp:featuredmedia":[{"embeddable":true,"href":"https:\/\/exhis.eu\/index.php?rest_route=\/wp\/v2\/media\/1756"}],"wp:attachment":[{"href":"https:\/\/exhis.eu\/index.php?rest_route=%2Fwp%2Fv2%2Fmedia&parent=1760"}],"wp:term":[{"taxonomy":"category","embeddable":true,"href":"https:\/\/exhis.eu\/index.php?rest_route=%2Fwp%2Fv2%2Fcategories&post=1760"},{"taxonomy":"post_tag","embeddable":true,"href":"https:\/\/exhis.eu\/index.php?rest_route=%2Fwp%2Fv2%2Ftags&post=1760"}],"curies":[{"name":"wp","href":"https:\/\/api.w.org\/{rel}","templated":true}]}}