{"id":1762,"date":"2026-02-12T17:03:58","date_gmt":"2026-02-12T16:03:58","guid":{"rendered":"https:\/\/exhis.eu\/?p=1762"},"modified":"2026-02-12T17:03:58","modified_gmt":"2026-02-12T16:03:58","slug":"cel-de-al-17-lea-eveniment-al-nostru-va-avea-loc-la-szombathely-la-oladi-technikum","status":"publish","type":"post","link":"https:\/\/exhis.eu\/?p=1762&lang=ro","title":{"rendered":"Cel de-al 17-lea eveniment al nostru va avea loc la Szombathely, la Oladi Technikum."},"content":{"rendered":"<p style=\"margin: 0cm 0cm 9.0pt 0cm;\"><span style=\"font-size: 15.0pt;\">Dup\u0103 expozi\u021bia din P\u00e9cs, expozi\u021bia va ajunge la Szombathely. Aceasta va putea fi vizitat\u0103 \u00eencep\u00e2nd cu 12 februarie 2026, timp de aproximativ dou\u0103 s\u0103pt\u0103m\u00e2ni.<\/span><\/p>\n<p style=\"font-width: normal; font-size-adjust: none; font-kerning: auto; font-variant-alternates: normal; font-variant-ligatures: normal; font-variant-numeric: normal; font-variant-east-asian: normal; font-variant-position: normal; font-feature-settings: normal; font-optical-sizing: auto; font-variation-settings: normal; -webkit-text-stroke-color: #000000; margin: 0cm 0cm 9.0pt 0cm;\"><span style=\"font-size: 15.0pt;\">\u00cen cadrul expozi\u021biei, ghizii no\u0219tri voluntari juniori \u2013 instrui\u021bi de formatorii experimenta\u021bi ai proiectului ExHis \u2013 vor prezenta modelul \u0219i contextul s\u0103u istoric.<\/span><!--more--><\/p>\n<p style=\"font-width: normal; font-size-adjust: none; font-kerning: auto; font-variant-alternates: normal; font-variant-ligatures: normal; font-variant-numeric: normal; font-variant-east-asian: normal; font-variant-position: normal; font-feature-settings: normal; font-optical-sizing: auto; font-variation-settings: normal; -webkit-text-stroke-color: #000000; margin: 0cm 0cm 9.0pt 0cm;\"><span style=\"font-size: 15.0pt;\">Prin metoda \u00eenv\u0103\u021b\u0103rii bazate pe loc, ne propunem s\u0103 implic\u0103m tinerii, profesorii \u0219i speciali\u0219tii din domeniul educa\u021biei \u0219i s\u0103 le prezent\u0103m istoria Holocaustului, precum \u0219i contextul s\u0103u istoric \u0219i social mai larg.<\/span><\/p>\n<p style=\"font-width: normal; font-size-adjust: none; font-kerning: auto; font-variant-alternates: normal; font-variant-ligatures: normal; font-variant-numeric: normal; font-variant-east-asian: normal; font-variant-position: normal; font-feature-settings: normal; font-optical-sizing: auto; font-variation-settings: normal; -webkit-text-stroke-color: #000000; margin: 0cm 0cm 9.0pt 0cm;\"><span style=\"font-size: 15.0pt;\">Locul desf\u0103\u0219ur\u0103rii expozi\u021biei: Oladi Technikum, 9700 Szombathely, Simon Istv\u00e1n u. 2<\/span><\/p>\n","protected":false},"excerpt":{"rendered":"<p>Dup\u0103 expozi\u021bia din P\u00e9cs, expozi\u021bia va ajunge la Szombathely. Aceasta va putea fi vizitat\u0103 \u00eencep\u00e2nd cu 12 februarie 2026, timp de aproximativ dou\u0103 s\u0103pt\u0103m\u00e2ni. \u00cen cadrul expozi\u021biei, ghizii no\u0219tri voluntari juniori \u2013 instrui\u021bi de formatorii experimenta\u021bi ai proiectului ExHis \u2013 vor prezenta modelul \u0219i contextul s\u0103u istoric.<\/p>\n","protected":false},"author":7,"featured_media":1756,"comment_status":"open","ping_status":"open","sticky":false,"template":"","format":"standard","meta":{"ngg_post_thumbnail":0,"footnotes":""},"categories":[43],"tags":[],"class_list":["post-1762","post","type-post","status-publish","format-standard","has-post-thumbnail","hentry","category-evenimente"],"_links":{"self":[{"href":"https:\/\/exhis.eu\/index.php?rest_route=\/wp\/v2\/posts\/1762","targetHints":{"allow":["GET"]}}],"collection":[{"href":"https:\/\/exhis.eu\/index.php?rest_route=\/wp\/v2\/posts"}],"about":[{"href":"https:\/\/exhis.eu\/index.php?rest_route=\/wp\/v2\/types\/post"}],"author":[{"embeddable":true,"href":"https:\/\/exhis.eu\/index.php?rest_route=\/wp\/v2\/users\/7"}],"replies":[{"embeddable":true,"href":"https:\/\/exhis.eu\/index.php?rest_route=%2Fwp%2Fv2%2Fcomments&post=1762"}],"version-history":[{"count":1,"href":"https:\/\/exhis.eu\/index.php?rest_route=\/wp\/v2\/posts\/1762\/revisions"}],"predecessor-version":[{"id":1763,"href":"https:\/\/exhis.eu\/index.php?rest_route=\/wp\/v2\/posts\/1762\/revisions\/1763"}],"wp:featuredmedia":[{"embeddable":true,"href":"https:\/\/exhis.eu\/index.php?rest_route=\/wp\/v2\/media\/1756"}],"wp:attachment":[{"href":"https:\/\/exhis.eu\/index.php?rest_route=%2Fwp%2Fv2%2Fmedia&parent=1762"}],"wp:term":[{"taxonomy":"category","embeddable":true,"href":"https:\/\/exhis.eu\/index.php?rest_route=%2Fwp%2Fv2%2Fcategories&post=1762"},{"taxonomy":"post_tag","embeddable":true,"href":"https:\/\/exhis.eu\/index.php?rest_route=%2Fwp%2Fv2%2Ftags&post=1762"}],"curies":[{"name":"wp","href":"https:\/\/api.w.org\/{rel}","templated":true}]}}