{"id":1820,"date":"2026-03-13T21:44:41","date_gmt":"2026-03-13T20:44:41","guid":{"rendered":"https:\/\/exhis.eu\/?p=1820"},"modified":"2026-03-13T21:44:50","modified_gmt":"2026-03-13T20:44:50","slug":"zaverecna-konferencia-projektu","status":"publish","type":"post","link":"https:\/\/exhis.eu\/?p=1820&lang=sk","title":{"rendered":"Z\u00e1vere\u010dn\u00e1 konferencia projektu"},"content":{"rendered":"<p><strong>Vzdel\u00e1vanie o holokauste v obdob\u00ed po \u00e9re svedkov: inov\u00e1cie, zodpovednos\u0165 a pr\u00e1ca s pam\u00e4\u0165ou<\/strong><\/p>\n<p>D\u0148a 25. marca 2026 sa vo Viedni stretn\u00fa pedag\u00f3govia, v\u00fdskumn\u00edci, \u0161tudenti a odborn\u00edci z praxe, aby diskutovali o jednej z k\u013e\u00fa\u010dov\u00fdch v\u00fdziev s\u00fa\u010dasnej pr\u00e1ce s pam\u00e4\u0165ou: ako m\u00f4\u017ee vzdel\u00e1vanie o holokauste zosta\u0165 zmyslupln\u00e9 a \u00fa\u010dinn\u00e9 v obdob\u00ed po \u00e9re svedkov, ke\u010f gener\u00e1cia pre\u017eiv\u0161\u00edch a o\u010dit\u00fdch svedkov postupne odch\u00e1dza.<\/p>\n<p>V celej Eur\u00f3pe i mimo nej pedag\u00f3govia, pam\u00e4\u0165ov\u00e9 in\u0161tit\u00facie a v\u00fdskumn\u00edci h\u013eadaj\u00fa nov\u00e9 sp\u00f4soby, ako zapoji\u0165 mlad\u0161ie gener\u00e1cie do pozn\u00e1vania hist\u00f3rie a odkazu \u0161oa. T\u00e1to konferencia vytv\u00e1ra priestor na v\u00fdmenu sk\u00fasenost\u00ed z pedagogickej praxe, v\u00fdskumu a pr\u00e1ce s pam\u00e4\u0165ou a z\u00e1rove\u0148 na spolo\u010dn\u00fa reflexiu bud\u00facnosti vzdel\u00e1vania o holokauste.<\/p>\n<p>Konferencia sa zameriava na to, ako m\u00f4\u017eu inovat\u00edvne vzdel\u00e1vacie n\u00e1stroje, nov\u00e9 pedagogick\u00e9 pr\u00edstupy a nov\u00e9 teoretick\u00e9 perspekt\u00edvy prispie\u0165 k formovaniu \u010fal\u0161ej f\u00e1zy vzdel\u00e1vania o holokauste. Z\u00e1rove\u0148 si kladie za cie\u013e prep\u00e1ja\u0165 \u013eud\u00ed p\u00f4sobiacich v r\u00f4znych oblastiach, ako s\u00fa historick\u00e9 vzdel\u00e1vanie, \u0161t\u00fadi\u00e1 pam\u00e4ti, m\u00fazejn\u00e1 pr\u00e1ca, ob\u010dianske vzdel\u00e1vanie a zap\u00e1janie ml\u00e1de\u017ee.<\/p>\n<p>\u00da\u010dastn\u00edci s\u00fa pozvan\u00ed nielen po\u010d\u00fava\u0165, ale aj akt\u00edvne prispie\u0165 do diskusie. Panelov\u00e9 diskusie s\u00fa koncipovan\u00e9 ako otvoren\u00e9 rozhovory, ktor\u00e9 v\u00edtaj\u00fa poh\u013eady publika a povzbudzuj\u00fa \u00fa\u010dastn\u00edkov, aby priniesli svoje vlastn\u00e9 sk\u00fasenosti, ot\u00e1zky a n\u00e1pady.<\/p>\n<p>Program<\/p>\n<p>14:00<\/p>\n<p>Unik\u00e1tny 3D model vyhladzovacieho t\u00e1bora Birkenau od ExHis<\/p>\n<p>Vplyv nov\u00fdch vzdel\u00e1vac\u00edch n\u00e1strojov na zapojenie \u0161tudentov a posilnenie peer-guidingu<\/p>\n<p>16:00<\/p>\n<p>Inov\u00e1cie vo vzdel\u00e1van\u00ed o holokauste<\/p>\n<p>Najlep\u0161ie postupy pri rie\u0161en\u00ed v\u00fdziev eur\u00f3pskej mladej gener\u00e1cie<\/p>\n<p>18:00<\/p>\n<p>Bud\u00facnos\u0165 pam\u00e4ti<\/p>\n<p>Integr\u00e1cia rodovej perspekt\u00edvy do odkazu a pripom\u00ednania \u0161oa<\/p>\n<p>Konferencia sa uskuto\u010dn\u00ed prezen\u010dne vo Viedni a bude z\u00e1rove\u0148 streamovan\u00e1 online, \u010do umo\u017en\u00ed \u00fa\u010dastn\u00edkom z celej Eur\u00f3py i mimo nej zapoji\u0165 sa do diskusie.<\/p>\n<p>Srde\u010dne poz\u00fdvame v\u0161etk\u00fdch, ktor\u00ed sa zauj\u00edmaj\u00fa o vzdel\u00e1vanie o holokauste, \u0161t\u00fadi\u00e1 pam\u00e4ti, historick\u00e9 vzdel\u00e1vanie a s\u00fa\u010dasn\u00fa kult\u00faru pripom\u00ednania, aby sa z\u00fa\u010dastnili a prispeli do diskusie.<\/p>\n<p><a href=\"https:\/\/docs.google.com\/forms\/d\/e\/1FAIpQLSdVwsdeH9v9NnFXqU5_6eaNeaykMmQE8fFzZhuFKUBbgDxnLg\/viewform\">Registr\u00e1cia:<\/a><\/p>\n<p>&nbsp;<\/p>\n","protected":false},"excerpt":{"rendered":"<p>Vzdel\u00e1vanie o holokauste v obdob\u00ed po \u00e9re svedkov: inov\u00e1cie, zodpovednos\u0165 a pr\u00e1ca s pam\u00e4\u0165ou D\u0148a 25. marca 2026 sa vo Viedni stretn\u00fa pedag\u00f3govia, v\u00fdskumn\u00edci, \u0161tudenti a odborn\u00edci z praxe, aby diskutovali o jednej z k\u013e\u00fa\u010dov\u00fdch v\u00fdziev s\u00fa\u010dasnej pr\u00e1ce s pam\u00e4\u0165ou: ako m\u00f4\u017ee vzdel\u00e1vanie o holokauste zosta\u0165 zmyslupln\u00e9 a \u00fa\u010dinn\u00e9 v obdob\u00ed po \u00e9re svedkov, ke\u010f [&hellip;]<\/p>\n","protected":false},"author":7,"featured_media":1814,"comment_status":"open","ping_status":"open","sticky":false,"template":"","format":"standard","meta":{"ngg_post_thumbnail":0,"footnotes":""},"categories":[45],"tags":[],"class_list":["post-1820","post","type-post","status-publish","format-standard","has-post-thumbnail","hentry","category-udalosti"],"_links":{"self":[{"href":"https:\/\/exhis.eu\/index.php?rest_route=\/wp\/v2\/posts\/1820","targetHints":{"allow":["GET"]}}],"collection":[{"href":"https:\/\/exhis.eu\/index.php?rest_route=\/wp\/v2\/posts"}],"about":[{"href":"https:\/\/exhis.eu\/index.php?rest_route=\/wp\/v2\/types\/post"}],"author":[{"embeddable":true,"href":"https:\/\/exhis.eu\/index.php?rest_route=\/wp\/v2\/users\/7"}],"replies":[{"embeddable":true,"href":"https:\/\/exhis.eu\/index.php?rest_route=%2Fwp%2Fv2%2Fcomments&post=1820"}],"version-history":[{"count":1,"href":"https:\/\/exhis.eu\/index.php?rest_route=\/wp\/v2\/posts\/1820\/revisions"}],"predecessor-version":[{"id":1821,"href":"https:\/\/exhis.eu\/index.php?rest_route=\/wp\/v2\/posts\/1820\/revisions\/1821"}],"wp:featuredmedia":[{"embeddable":true,"href":"https:\/\/exhis.eu\/index.php?rest_route=\/wp\/v2\/media\/1814"}],"wp:attachment":[{"href":"https:\/\/exhis.eu\/index.php?rest_route=%2Fwp%2Fv2%2Fmedia&parent=1820"}],"wp:term":[{"taxonomy":"category","embeddable":true,"href":"https:\/\/exhis.eu\/index.php?rest_route=%2Fwp%2Fv2%2Fcategories&post=1820"},{"taxonomy":"post_tag","embeddable":true,"href":"https:\/\/exhis.eu\/index.php?rest_route=%2Fwp%2Fv2%2Ftags&post=1820"}],"curies":[{"name":"wp","href":"https:\/\/api.w.org\/{rel}","templated":true}]}}