{"id":228,"date":"2024-09-03T04:39:00","date_gmt":"2024-09-03T02:39:00","guid":{"rendered":"https:\/\/exhis.eu\/?p=228"},"modified":"2024-09-03T06:33:26","modified_gmt":"2024-09-03T04:33:26","slug":"centropa-2","status":"publish","type":"post","link":"https:\/\/exhis.eu\/?p=228&lang=hu","title":{"rendered":"CENTROPA ALAP\u00cdTV\u00c1NY"},"content":{"rendered":"\n<p><strong>CENTROPA ALAP\u00cdTV\u00c1NY<\/strong> \u2013 (Centropa) azzal a c\u00e9llal j\u00f6tt l\u00e9tre, hogy meg\u0151rizze a zsid\u00f3s\u00e1g 20. sz\u00e1zadi t\u00f6rt\u00e9nelmi eml\u00e9keit, zsid\u00f3 csal\u00e1dt\u00f6rt\u00e9neteket \u00e9s f\u00e9nyk\u00e9peket gy\u0171jtve K\u00f6z\u00e9p- \u00e9s Kelet-Eur\u00f3p\u00e1b\u00f3l. A Centropa egy\u00fcttm\u0171k\u00f6dik tan\u00e1rokkal, oktat\u00e1si civil szervezetekkel, m\u00fazeumokkal, valamint korm\u00e1nyzati szervezetekkel az Egyes\u00fclt \u00c1llamokban, Eur\u00f3p\u00e1ban \u00e9s Izraelben, hogy a 20. sz\u00e1zadi zsid\u00f3 \u00e9let t\u00f6rt\u00e9neteit felhaszn\u00e1lva harcoljon az antiszemitizmus ellen, \u00e9s polg\u00e1ri nevel\u00e9st, toleranci\u00e1t, etik\u00e1t \u00e9s jellemfejleszt\u00e9st tan\u00edtson.<\/p>\n\n\n\n<p>Az interj\u00fak \u00e9s f\u00e9nyk\u00e9pek felhaszn\u00e1l\u00e1s\u00e1val \u00e9rdekes oktat\u00e1si anyagokat k\u00e9sz\u00edtenek, p\u00e9ld\u00e1ul r\u00f6vidfilmeket, ki\u00e1ll\u00edt\u00e1sokat, podcastokat, audio-s\u00e9t\u00e1kat stb., hogy a tan\u00e1rok interakt\u00edv m\u00f3don, az egy\u00e9nek szemsz\u00f6g\u00e9b\u0151l mutathass\u00e1k be a 20. sz\u00e1zadi t\u00f6rt\u00e9nelmet a di\u00e1koknak.<\/p>\n\n\n\n<p>Helyi \u00e9s nemzetk\u00f6zi szinten is tartanak pedag\u00f3gusk\u00e9pz\u0151 szemin\u00e1riumokat, ahol a r\u00e9sztvev\u0151k megismerkednek a zsid\u00f3 t\u00f6rt\u00e9nelem \u00e9s kult\u00fara t\u00e1gabb \u00f6sszef\u00fcgg\u00e9seivel, szak\u00e9rt\u0151i el\u0151ad\u00e1sok, s\u00e9tat\u00far\u00e1k \u00e9s a zsid\u00f3 k\u00f6z\u00f6ss\u00e9g tagjaival val\u00f3 tal\u00e1lkoz\u00e1sok r\u00e9v\u00e9n.<\/p>\n\n\n\n<p>Magyarorsz\u00e1gon t\u00f6bb mint 500 pedag\u00f3gusb\u00f3l \u00e1ll\u00f3 h\u00e1l\u00f3zatuk haszn\u00e1lja a Centropa Alap\u00edtv\u00e1ny anyagait az oktat\u00e1sban.<\/p>\n\n\n\n<p>Az ExHis programban a Centropa vezeti az oktat\u00e1si anyagok kidolgoz\u00e1s\u00e1t.<\/p>\n\n\n\n<p><a href=\"https:\/\/www.centropa.org\/\" data-type=\"link\" data-id=\"https:\/\/www.centropa.org\/\" target=\"_blank\" rel=\"noreferrer noopener\">https:\/\/www.centropa.org\/<\/a><\/p>\n","protected":false},"excerpt":{"rendered":"<p>CENTROPA ALAP\u00cdTV\u00c1NY \u2013 (Centropa) azzal a c\u00e9llal j\u00f6tt l\u00e9tre, hogy meg\u0151rizze a zsid\u00f3s\u00e1g 20. sz\u00e1zadi t\u00f6rt\u00e9nelmi eml\u00e9keit, zsid\u00f3 csal\u00e1dt\u00f6rt\u00e9neteket \u00e9s f\u00e9nyk\u00e9peket gy\u0171jtve K\u00f6z\u00e9p- \u00e9s Kelet-Eur\u00f3p\u00e1b\u00f3l. A Centropa egy\u00fcttm\u0171k\u00f6dik tan\u00e1rokkal, oktat\u00e1si civil szervezetekkel, m\u00fazeumokkal, valamint korm\u00e1nyzati szervezetekkel az Egyes\u00fclt \u00c1llamokban, Eur\u00f3p\u00e1ban \u00e9s Izraelben, hogy a 20. sz\u00e1zadi zsid\u00f3 \u00e9let t\u00f6rt\u00e9neteit felhaszn\u00e1lva harcoljon az antiszemitizmus ellen, \u00e9s [&hellip;]<\/p>\n","protected":false},"author":1,"featured_media":220,"comment_status":"open","ping_status":"open","sticky":false,"template":"","format":"standard","meta":{"ngg_post_thumbnail":0,"footnotes":""},"categories":[73],"tags":[],"class_list":["post-228","post","type-post","status-publish","format-standard","has-post-thumbnail","hentry","category-our-partners-hu"],"_links":{"self":[{"href":"https:\/\/exhis.eu\/index.php?rest_route=\/wp\/v2\/posts\/228","targetHints":{"allow":["GET"]}}],"collection":[{"href":"https:\/\/exhis.eu\/index.php?rest_route=\/wp\/v2\/posts"}],"about":[{"href":"https:\/\/exhis.eu\/index.php?rest_route=\/wp\/v2\/types\/post"}],"author":[{"embeddable":true,"href":"https:\/\/exhis.eu\/index.php?rest_route=\/wp\/v2\/users\/1"}],"replies":[{"embeddable":true,"href":"https:\/\/exhis.eu\/index.php?rest_route=%2Fwp%2Fv2%2Fcomments&post=228"}],"version-history":[{"count":4,"href":"https:\/\/exhis.eu\/index.php?rest_route=\/wp\/v2\/posts\/228\/revisions"}],"predecessor-version":[{"id":335,"href":"https:\/\/exhis.eu\/index.php?rest_route=\/wp\/v2\/posts\/228\/revisions\/335"}],"wp:featuredmedia":[{"embeddable":true,"href":"https:\/\/exhis.eu\/index.php?rest_route=\/wp\/v2\/media\/220"}],"wp:attachment":[{"href":"https:\/\/exhis.eu\/index.php?rest_route=%2Fwp%2Fv2%2Fmedia&parent=228"}],"wp:term":[{"taxonomy":"category","embeddable":true,"href":"https:\/\/exhis.eu\/index.php?rest_route=%2Fwp%2Fv2%2Fcategories&post=228"},{"taxonomy":"post_tag","embeddable":true,"href":"https:\/\/exhis.eu\/index.php?rest_route=%2Fwp%2Fv2%2Ftags&post=228"}],"curies":[{"name":"wp","href":"https:\/\/api.w.org\/{rel}","templated":true}]}}