{"id":239,"date":"2024-09-03T04:51:59","date_gmt":"2024-09-03T02:51:59","guid":{"rendered":"https:\/\/exhis.eu\/?p=239"},"modified":"2024-09-03T06:39:17","modified_gmt":"2024-09-03T04:39:17","slug":"post-bellum-2","status":"publish","type":"post","link":"https:\/\/exhis.eu\/?p=239&lang=hu","title":{"rendered":"POST BELLUM SK"},"content":{"rendered":"\n<p>A <strong>POST BELLUM SK<\/strong> 2011-ben alakult a cseh Post Bellum civil szervezet partnerszervezetek\u00e9nt. 2020-ban ny\u00edlt meg harmadik fi\u00f3kjuk Ukrajn\u00e1ban.<\/p>\n\n\n\n<p>A Post Bellum SK egy non-profit civil szervezet, amely eur\u00f3pai eml\u00e9kezet-alap\u00fa tev\u00e9kenys\u00e9gekkel t\u00e1mogatja, v\u00e9di \u00e9s er\u0151s\u00edti az emberi \u00e9s polg\u00e1ri jogokat. Az egyik legbefoly\u00e1sosabb eml\u00e9kezetpolitikai szervezet Szlov\u00e1ki\u00e1ban. Irod\u00e1juk Pozsonyban tal\u00e1lhat\u00f3, de tev\u00e9kenys\u00e9geiket orsz\u00e1gos szinten v\u00e9gzi.<\/p>\n\n\n\n<p>A cseh Post Bellummal egy\u00fcttm\u0171k\u00f6dve t\u00f6bb mint 15 000 t\u00f6rt\u00e9netet gy\u0171jt\u00f6ttek \u00f6ssze. Minden \u00e9vben k\u00f6z\u00f6sen adj\u00e1k \u00e1t a Nemzet Sz\u00ednh\u00e1z\u00e1ban, Pr\u00e1g\u00e1ban a Nemzet Eml\u00e9kezete d\u00edjakat olyan szem\u00e9lyeknek, akik \u00e9let\u00fck sor\u00e1n bebizony\u00edtott\u00e1k, hogy a becs\u00fclet, a szabads\u00e1g \u00e9s az emberi m\u00e9lt\u00f3s\u00e1g nem csup\u00e1n \u00fcres szavak.<\/p>\n\n\n\n<p>2015 \u00f3ta egyed\u00fcl\u00e1ll\u00f3, eg\u00e9sz napos, dr\u00e1mapedag\u00f3gia m\u00f3dszeren alapul\u00f3 oktat\u00e1si \u00e9lm\u00e9nym\u0171helyeket tartanak a szlov\u00e1k iskol\u00e1kban. Az elm\u00falt tan\u00e9vben 220 ilyen workshopot tartottak Szlov\u00e1kia-szerte (k\u00f6zel 100-zal t\u00f6bbet, mint az el\u0151z\u0151 \u00e9vben).<\/p>\n\n\n\n<p>Az ExHis programban a Post Bellum feladata a szlov\u00e1kiai tr\u00e9ningek szervez\u00e9se.<\/p>\n\n\n\n<p><a href=\"https:\/\/www.postbellum.sk\/\" data-type=\"link\" data-id=\"https:\/\/www.postbellum.sk\/\" target=\"_blank\" rel=\"noreferrer noopener\">https:\/\/www.postbellum.sk\/<\/a><\/p>\n","protected":false},"excerpt":{"rendered":"<p>A POST BELLUM SK 2011-ben alakult a cseh Post Bellum civil szervezet partnerszervezetek\u00e9nt. 2020-ban ny\u00edlt meg harmadik fi\u00f3kjuk Ukrajn\u00e1ban. A Post Bellum SK egy non-profit civil szervezet, amely eur\u00f3pai eml\u00e9kezet-alap\u00fa tev\u00e9kenys\u00e9gekkel t\u00e1mogatja, v\u00e9di \u00e9s er\u0151s\u00edti az emberi \u00e9s polg\u00e1ri jogokat. Az egyik legbefoly\u00e1sosabb eml\u00e9kezetpolitikai szervezet Szlov\u00e1ki\u00e1ban. Irod\u00e1juk Pozsonyban tal\u00e1lhat\u00f3, de tev\u00e9kenys\u00e9geiket orsz\u00e1gos szinten v\u00e9gzi. A [&hellip;]<\/p>\n","protected":false},"author":1,"featured_media":395,"comment_status":"open","ping_status":"open","sticky":false,"template":"","format":"standard","meta":{"ngg_post_thumbnail":0,"footnotes":""},"categories":[73],"tags":[],"class_list":["post-239","post","type-post","status-publish","format-standard","has-post-thumbnail","hentry","category-our-partners-hu"],"_links":{"self":[{"href":"https:\/\/exhis.eu\/index.php?rest_route=\/wp\/v2\/posts\/239","targetHints":{"allow":["GET"]}}],"collection":[{"href":"https:\/\/exhis.eu\/index.php?rest_route=\/wp\/v2\/posts"}],"about":[{"href":"https:\/\/exhis.eu\/index.php?rest_route=\/wp\/v2\/types\/post"}],"author":[{"embeddable":true,"href":"https:\/\/exhis.eu\/index.php?rest_route=\/wp\/v2\/users\/1"}],"replies":[{"embeddable":true,"href":"https:\/\/exhis.eu\/index.php?rest_route=%2Fwp%2Fv2%2Fcomments&post=239"}],"version-history":[{"count":4,"href":"https:\/\/exhis.eu\/index.php?rest_route=\/wp\/v2\/posts\/239\/revisions"}],"predecessor-version":[{"id":343,"href":"https:\/\/exhis.eu\/index.php?rest_route=\/wp\/v2\/posts\/239\/revisions\/343"}],"wp:featuredmedia":[{"embeddable":true,"href":"https:\/\/exhis.eu\/index.php?rest_route=\/wp\/v2\/media\/395"}],"wp:attachment":[{"href":"https:\/\/exhis.eu\/index.php?rest_route=%2Fwp%2Fv2%2Fmedia&parent=239"}],"wp:term":[{"taxonomy":"category","embeddable":true,"href":"https:\/\/exhis.eu\/index.php?rest_route=%2Fwp%2Fv2%2Fcategories&post=239"},{"taxonomy":"post_tag","embeddable":true,"href":"https:\/\/exhis.eu\/index.php?rest_route=%2Fwp%2Fv2%2Ftags&post=239"}],"curies":[{"name":"wp","href":"https:\/\/api.w.org\/{rel}","templated":true}]}}