{"id":284,"date":"2024-09-03T05:28:29","date_gmt":"2024-09-03T03:28:29","guid":{"rendered":"https:\/\/exhis.eu\/?p=284"},"modified":"2024-09-03T06:49:37","modified_gmt":"2024-09-03T04:49:37","slug":"international-march-of-the-living-2","status":"publish","type":"post","link":"https:\/\/exhis.eu\/?p=284&lang=hu","title":{"rendered":"EUROPEAN MARCH OF THE LIVING NETWORK"},"content":{"rendered":"\n<p><br>A <strong>EUROPEAN MARCH OF THE LIVING NETWORK<\/strong> (EMOTL) egy br\u00fcsszeli sz\u00e9khely\u0171 nemzetk\u00f6zi non-profit szervezet, amelynek k\u00fcldet\u00e9se, hogy b\u0151v\u00edtse \u00e9s er\u0151s\u00edtse az elk\u00f6telezett eur\u00f3pai polg\u00e1rok k\u00f6z\u00f6ss\u00e9g\u00e9t, \u00e9s hozz\u00e1j\u00e1ruljon a rasszizmus, antiszemitizmus, idegengy\u0171l\u00f6let, gy\u0171l\u00f6letbesz\u00e9d, valamint az intolerancia \u00e9s a faji bigotts\u00e1g egy\u00e9b form\u00e1i vonatkoz\u00e1s\u00e1ban megfogalmazott v\u00e1laszokat nemzeti \u00e9s EU-szinten egyar\u00e1nt. A szervezet arra t\u00f6rekszik, hogy n\u00f6velje a fiatal eur\u00f3paiak r\u00e9szv\u00e9tel\u00e9t a nemzetk\u00f6zi \u00e9s nemzeti \u00c9let Menete esem\u00e9nyeken, valamint m\u00e1s Holokauszt megeml\u00e9kez\u00e9seken. Munk\u00e1ja sor\u00e1n az EMOTL integr\u00e1lja a Nemzetk\u00f6zi \u00c9let Menete 30 \u00e9ves tapasztalat\u00e1t, mely egy \u00e9vente ism\u00e9tl\u0151d\u0151 oktat\u00e1si program keret\u00e9ben Eur\u00f3pa \u00e9s a vil\u00e1g mintegy 52 orsz\u00e1g\u00e1b\u00f3l m\u00e1r t\u00f6bb mint 250,000 r\u00e9sztvev\u0151t vitt el a n\u00e1ci koncentr\u00e1ci\u00f3s \u00e9s megsemmis\u00edt\u0151 t\u00e1borokba Lengyelorsz\u00e1gban, hogy tanulm\u00e1nyozz\u00e1k a Holokauszt t\u00f6rt\u00e9net\u00e9t \u00e9s vizsg\u00e1lj\u00e1k az el\u0151\u00edt\u00e9letek, az intolerancia \u00e9s a gy\u0171l\u00f6let gy\u00f6kereit. Az EMOTL a bev\u00e1lt gyakorlatok cser\u00e9je \u00e9rdek\u00e9ben eg\u00e9sz Eur\u00f3p\u00e1ban egy\u00fcttm\u0171k\u00f6dik tan\u00e1rokkal \u00e9s oktat\u00f3kkal, valamint \u00e9rt\u00e9keli a Holokauszt oktat\u00e1s \u00e9s megeml\u00e9kez\u00e9si tev\u00e9kenys\u00e9geknek a fiatal gener\u00e1ci\u00f3kra gyakorolt hat\u00e1sait. Az ExHis programban az EMOTL lesz felel\u0151s az ausztriai z\u00e1r\u00f3 nemzetk\u00f6zi konferencia megszervez\u00e9s\u00e9\u00e9rt.<\/p>\n\n\n\n<p> <a href=\"https:\/\/www.motl.org\/\" data-type=\"link\" data-id=\"https:\/\/www.motl.org\/\" target=\"_blank\" rel=\"noreferrer noopener\">https:\/\/www.motl.org\/<\/a><\/p>\n","protected":false},"excerpt":{"rendered":"<p>A EUROPEAN MARCH OF THE LIVING NETWORK (EMOTL) egy br\u00fcsszeli sz\u00e9khely\u0171 nemzetk\u00f6zi non-profit szervezet, amelynek k\u00fcldet\u00e9se, hogy b\u0151v\u00edtse \u00e9s er\u0151s\u00edtse az elk\u00f6telezett eur\u00f3pai polg\u00e1rok k\u00f6z\u00f6ss\u00e9g\u00e9t, \u00e9s hozz\u00e1j\u00e1ruljon a rasszizmus, antiszemitizmus, idegengy\u0171l\u00f6let, gy\u0171l\u00f6letbesz\u00e9d, valamint az intolerancia \u00e9s a faji bigotts\u00e1g egy\u00e9b form\u00e1i vonatkoz\u00e1s\u00e1ban megfogalmazott v\u00e1laszokat nemzeti \u00e9s EU-szinten egyar\u00e1nt. A szervezet arra t\u00f6rekszik, hogy n\u00f6velje a [&hellip;]<\/p>\n","protected":false},"author":1,"featured_media":282,"comment_status":"open","ping_status":"open","sticky":false,"template":"","format":"standard","meta":{"ngg_post_thumbnail":0,"footnotes":""},"categories":[73],"tags":[],"class_list":["post-284","post","type-post","status-publish","format-standard","has-post-thumbnail","hentry","category-our-partners-hu"],"_links":{"self":[{"href":"https:\/\/exhis.eu\/index.php?rest_route=\/wp\/v2\/posts\/284","targetHints":{"allow":["GET"]}}],"collection":[{"href":"https:\/\/exhis.eu\/index.php?rest_route=\/wp\/v2\/posts"}],"about":[{"href":"https:\/\/exhis.eu\/index.php?rest_route=\/wp\/v2\/types\/post"}],"author":[{"embeddable":true,"href":"https:\/\/exhis.eu\/index.php?rest_route=\/wp\/v2\/users\/1"}],"replies":[{"embeddable":true,"href":"https:\/\/exhis.eu\/index.php?rest_route=%2Fwp%2Fv2%2Fcomments&post=284"}],"version-history":[{"count":2,"href":"https:\/\/exhis.eu\/index.php?rest_route=\/wp\/v2\/posts\/284\/revisions"}],"predecessor-version":[{"id":350,"href":"https:\/\/exhis.eu\/index.php?rest_route=\/wp\/v2\/posts\/284\/revisions\/350"}],"wp:featuredmedia":[{"embeddable":true,"href":"https:\/\/exhis.eu\/index.php?rest_route=\/wp\/v2\/media\/282"}],"wp:attachment":[{"href":"https:\/\/exhis.eu\/index.php?rest_route=%2Fwp%2Fv2%2Fmedia&parent=284"}],"wp:term":[{"taxonomy":"category","embeddable":true,"href":"https:\/\/exhis.eu\/index.php?rest_route=%2Fwp%2Fv2%2Fcategories&post=284"},{"taxonomy":"post_tag","embeddable":true,"href":"https:\/\/exhis.eu\/index.php?rest_route=%2Fwp%2Fv2%2Ftags&post=284"}],"curies":[{"name":"wp","href":"https:\/\/api.w.org\/{rel}","templated":true}]}}