{"id":293,"date":"2024-09-03T05:34:04","date_gmt":"2024-09-03T03:34:04","guid":{"rendered":"https:\/\/exhis.eu\/?p=293"},"modified":"2024-09-03T06:36:03","modified_gmt":"2024-09-03T04:36:03","slug":"az-elet-menete-alapitvany-2","status":"publish","type":"post","link":"https:\/\/exhis.eu\/?p=293&lang=hu","title":{"rendered":"\u00c9LET MENETE ALAP\u00cdTV\u00c1NY"},"content":{"rendered":"\n<p><strong>\u00c9LET MENETE ALAP\u00cdTV\u00c1NY <\/strong>tev\u00e9kenys\u00e9g\u00e9nek k\u00f6z\u00e9ppontj\u00e1bana gyermekek \u00e9s feln\u0151ttek sz\u00e1m\u00e1ra Holokauszt t\u00e9m\u00e1val kapcsolatos oktat\u00e1si \u00e9s ismeretterjeszt\u0151 programok szervez\u00e9se \u00e1ll.<\/p>\n\n\n\n<p>Az \u00c9let Menete Alap\u00edtv\u00e1ny alapvet\u0151 k\u00fcldet\u00e9se: eml\u00e9kez\u00e9s, kutat\u00e1s \u00e9s oktat\u00e1s. Az Alap\u00edtv\u00e1ny a Nemzetk\u00f6zi \u00c9let Menete H\u00e1l\u00f3zat tagja, minden \u00e9vben megszervezi a helyi \u00c9let Menet\u00e9t Budapesten, a Holokauszt Eml\u00e9knap alkalm\u00e1b\u00f3l. Ez a legnagyobb b\u00e9k\u00e9s, civil demonstr\u00e1ci\u00f3 Magyarorsz\u00e1gon, \u00e9s egyben Eur\u00f3pa egyik legnagyobb megmozdul\u00e1sa a rasszizmus \u00e9s az antiszemitizmus ellen. Az esem\u00e9nyen \u00e1ltal\u00e1ban k\u00f6zel 10 000 r\u00e9sztvev\u0151 jelenik meg, akik vall\u00e1si \u00e9s politikai meggy\u0151z\u0151d\u00e9sre val\u00f3 tekintet n\u00e9lk\u00fcl, csendben, egy\u00fctt menetelve eml\u00e9keznek meg a Holokauszt \u00e1ldozatair\u00f3l, valamint az Igaz Emberekr\u0151l. Az esem\u00e9nyr\u0151l sz\u00e9les k\u00f6rben tud\u00f3s\u00edtanak mind a hazai, mind a nemzetk\u00f6zi m\u00e9di\u00e1ban.<\/p>\n\n\n\n<p>Az Alap\u00edtv\u00e1ny munkat\u00e1rsai minden \u00e9vben di\u00e1kcsoportokat k\u00eds\u00e9rnek el a Mauthausen, Ravensbr\u00fcck \u00e9s Ponary t\u00e1borokba, valamint sz\u00e1mos holokauszt-eml\u00e9khelyre. Kutat\u00e1si tev\u00e9kenys\u00e9g\u00e9nek k\u00f6z\u00e9ppontj\u00e1ban a helyi k\u00f6z\u00f6ss\u00e9gekb\u0151l sz\u00e1rmaz\u00f3 t\u00f6rt\u00e9netek dokument\u00e1l\u00e1sa, valamint a holokauszt \u00e1ldozatair\u00f3l sz\u00f3l\u00f3 esem\u00e9nyek \u00f6sszegy\u0171jt\u00e9se, tov\u00e1bb\u00e1 a So\u00e1 idej\u00e9n Magyarorsz\u00e1gon tev\u00e9kenyked\u0151 emberment\u0151k munk\u00e1ss\u00e1g\u00e1nak felder\u00edt\u00e9se \u00e1ll.<\/p>\n\n\n\n<p>Az ExHis programban az \u00c9let Menete a konzorcium vezet\u0151je \u00e9s a program koordin\u00e1tora.<\/p>\n\n\n\n<p> <a href=\"https:\/\/www.eletmenete.hu\/\" data-type=\"link\" data-id=\"https:\/\/www.eletmenete.hu\/\">https:\/\/www.eletmenete.hu\/<\/a><\/p>\n","protected":false},"excerpt":{"rendered":"<p>\u00c9LET MENETE ALAP\u00cdTV\u00c1NY tev\u00e9kenys\u00e9g\u00e9nek k\u00f6z\u00e9ppontj\u00e1bana gyermekek \u00e9s feln\u0151ttek sz\u00e1m\u00e1ra Holokauszt t\u00e9m\u00e1val kapcsolatos oktat\u00e1si \u00e9s ismeretterjeszt\u0151 programok szervez\u00e9se \u00e1ll. Az \u00c9let Menete Alap\u00edtv\u00e1ny alapvet\u0151 k\u00fcldet\u00e9se: eml\u00e9kez\u00e9s, kutat\u00e1s \u00e9s oktat\u00e1s. Az Alap\u00edtv\u00e1ny a Nemzetk\u00f6zi \u00c9let Menete H\u00e1l\u00f3zat tagja, minden \u00e9vben megszervezi a helyi \u00c9let Menet\u00e9t Budapesten, a Holokauszt Eml\u00e9knap alkalm\u00e1b\u00f3l. Ez a legnagyobb b\u00e9k\u00e9s, civil demonstr\u00e1ci\u00f3 Magyarorsz\u00e1gon, [&hellip;]<\/p>\n","protected":false},"author":1,"featured_media":291,"comment_status":"open","ping_status":"open","sticky":false,"template":"","format":"standard","meta":{"ngg_post_thumbnail":0,"footnotes":""},"categories":[73],"tags":[],"class_list":["post-293","post","type-post","status-publish","format-standard","has-post-thumbnail","hentry","category-our-partners-hu"],"_links":{"self":[{"href":"https:\/\/exhis.eu\/index.php?rest_route=\/wp\/v2\/posts\/293","targetHints":{"allow":["GET"]}}],"collection":[{"href":"https:\/\/exhis.eu\/index.php?rest_route=\/wp\/v2\/posts"}],"about":[{"href":"https:\/\/exhis.eu\/index.php?rest_route=\/wp\/v2\/types\/post"}],"author":[{"embeddable":true,"href":"https:\/\/exhis.eu\/index.php?rest_route=\/wp\/v2\/users\/1"}],"replies":[{"embeddable":true,"href":"https:\/\/exhis.eu\/index.php?rest_route=%2Fwp%2Fv2%2Fcomments&post=293"}],"version-history":[{"count":2,"href":"https:\/\/exhis.eu\/index.php?rest_route=\/wp\/v2\/posts\/293\/revisions"}],"predecessor-version":[{"id":339,"href":"https:\/\/exhis.eu\/index.php?rest_route=\/wp\/v2\/posts\/293\/revisions\/339"}],"wp:featuredmedia":[{"embeddable":true,"href":"https:\/\/exhis.eu\/index.php?rest_route=\/wp\/v2\/media\/291"}],"wp:attachment":[{"href":"https:\/\/exhis.eu\/index.php?rest_route=%2Fwp%2Fv2%2Fmedia&parent=293"}],"wp:term":[{"taxonomy":"category","embeddable":true,"href":"https:\/\/exhis.eu\/index.php?rest_route=%2Fwp%2Fv2%2Fcategories&post=293"},{"taxonomy":"post_tag","embeddable":true,"href":"https:\/\/exhis.eu\/index.php?rest_route=%2Fwp%2Fv2%2Ftags&post=293"}],"curies":[{"name":"wp","href":"https:\/\/api.w.org\/{rel}","templated":true}]}}