{"id":311,"date":"2024-09-03T05:44:10","date_gmt":"2024-09-03T03:44:10","guid":{"rendered":"https:\/\/exhis.eu\/?p=311"},"modified":"2024-09-03T06:41:44","modified_gmt":"2024-09-03T04:41:44","slug":"laude-reut-2","status":"publish","type":"post","link":"https:\/\/exhis.eu\/?p=311&lang=hu","title":{"rendered":"MAGNA CUM LAUDE-REUT ALAP\u00cdTV\u00c1NY"},"content":{"rendered":"\n<p>A <strong>MAGNA CUM LAUDE-REUT ALAP\u00cdTV\u00c1NY<\/strong> (REUT) egy rom\u00e1niai non-profit szervezet, amely a Holokauszt eml\u00e9kezet\u00e9re \u00e9s oktat\u00e1s\u00e1ra f\u00f3kusz\u00e1l, \u00e9s egyben Eur\u00f3pa egyik vezet\u0151 zsid\u00f3 oktat\u00e1si komplexuma. Az int\u00e9zm\u00e9nyt 1997-ben alap\u00edtott\u00e1k a &#8220;Ronald S. Lauder&#8221; Alap\u00edtv\u00e1ny r\u00e9v\u00e9n, \u00e9s jelenleg t\u00f6bb mint 400 di\u00e1k vesz r\u00e9szt az \u00f3voda, \u00e1ltal\u00e1nos iskola, k\u00f6z\u00e9piskola \u00e9s gimn\u00e1zium programjain, angol nyelv\u0171 oktat\u00e1ssal, amelyet a Rom\u00e1niai Nemzeti Oktat\u00e1si Miniszt\u00e9rium akkredit\u00e1lt. Az \u00c9let Menete H\u00e1l\u00f3zat hivatalos tagjak\u00e9nt minden \u00e9vben sz\u00e1mos nagy hat\u00e1s\u00fa Holokauszt megeml\u00e9kez\u00e9si rendezv\u00e9nyt szervez. A szervezet jelent\u0151s tapasztalattal rendelkezik k\u00f6z\u00e9piskol\u00e1s di\u00e1koknak sz\u00f3l\u00f3 oktat\u00e1si programok biztos\u00edt\u00e1s\u00e1ban, rendszeresen r\u00e9szt vesz nemzetk\u00f6zi Holokauszt oktat\u00e1si workshopokon \u00e9s t\u00f6rt\u00e9n\u00e9szekkel, szak\u00e9rt\u0151kkel, valamint akad\u00e9mikusokkal folytatott megbesz\u00e9l\u00e9seken az \u00faj pedag\u00f3giai m\u00f3dszerek vonatkoz\u00e1s\u00e1ban. Sz\u00e9les kapcsolati h\u00e1l\u00f3val rendelkezik m\u00e1s rom\u00e1niai oktat\u00e1si int\u00e9zm\u00e9nyekkel, \u00e9s elk\u00f6telezett a j\u00f3akarat \u00e9s eml\u00e9kezet j\u00f6v\u0151beli nagyk\u00f6veteinek nevel\u00e9se ir\u00e1nt.<\/p>\n\n\n\n<p>Az ExHis programban a REUT feladata a rom\u00e1niai tr\u00e9ningek szervez\u00e9se.<\/p>\n\n\n\n<p> <a href=\"https:\/\/www.laude-reut.ro\/\" data-type=\"link\" data-id=\"https:\/\/www.laude-reut.ro\/\" target=\"_blank\" rel=\"noreferrer noopener\">https:\/\/www.laude-reut.ro\/<\/a><\/p>\n","protected":false},"excerpt":{"rendered":"<p>A MAGNA CUM LAUDE-REUT ALAP\u00cdTV\u00c1NY (REUT) egy rom\u00e1niai non-profit szervezet, amely a Holokauszt eml\u00e9kezet\u00e9re \u00e9s oktat\u00e1s\u00e1ra f\u00f3kusz\u00e1l, \u00e9s egyben Eur\u00f3pa egyik vezet\u0151 zsid\u00f3 oktat\u00e1si komplexuma. Az int\u00e9zm\u00e9nyt 1997-ben alap\u00edtott\u00e1k a &#8220;Ronald S. Lauder&#8221; Alap\u00edtv\u00e1ny r\u00e9v\u00e9n, \u00e9s jelenleg t\u00f6bb mint 400 di\u00e1k vesz r\u00e9szt az \u00f3voda, \u00e1ltal\u00e1nos iskola, k\u00f6z\u00e9piskola \u00e9s gimn\u00e1zium programjain, angol nyelv\u0171 oktat\u00e1ssal, amelyet [&hellip;]<\/p>\n","protected":false},"author":1,"featured_media":309,"comment_status":"open","ping_status":"open","sticky":false,"template":"","format":"standard","meta":{"ngg_post_thumbnail":0,"footnotes":""},"categories":[73],"tags":[],"class_list":["post-311","post","type-post","status-publish","format-standard","has-post-thumbnail","hentry","category-our-partners-hu"],"_links":{"self":[{"href":"https:\/\/exhis.eu\/index.php?rest_route=\/wp\/v2\/posts\/311","targetHints":{"allow":["GET"]}}],"collection":[{"href":"https:\/\/exhis.eu\/index.php?rest_route=\/wp\/v2\/posts"}],"about":[{"href":"https:\/\/exhis.eu\/index.php?rest_route=\/wp\/v2\/types\/post"}],"author":[{"embeddable":true,"href":"https:\/\/exhis.eu\/index.php?rest_route=\/wp\/v2\/users\/1"}],"replies":[{"embeddable":true,"href":"https:\/\/exhis.eu\/index.php?rest_route=%2Fwp%2Fv2%2Fcomments&post=311"}],"version-history":[{"count":3,"href":"https:\/\/exhis.eu\/index.php?rest_route=\/wp\/v2\/posts\/311\/revisions"}],"predecessor-version":[{"id":346,"href":"https:\/\/exhis.eu\/index.php?rest_route=\/wp\/v2\/posts\/311\/revisions\/346"}],"wp:featuredmedia":[{"embeddable":true,"href":"https:\/\/exhis.eu\/index.php?rest_route=\/wp\/v2\/media\/309"}],"wp:attachment":[{"href":"https:\/\/exhis.eu\/index.php?rest_route=%2Fwp%2Fv2%2Fmedia&parent=311"}],"wp:term":[{"taxonomy":"category","embeddable":true,"href":"https:\/\/exhis.eu\/index.php?rest_route=%2Fwp%2Fv2%2Fcategories&post=311"},{"taxonomy":"post_tag","embeddable":true,"href":"https:\/\/exhis.eu\/index.php?rest_route=%2Fwp%2Fv2%2Ftags&post=311"}],"curies":[{"name":"wp","href":"https:\/\/api.w.org\/{rel}","templated":true}]}}