{"id":432,"date":"2025-03-12T11:21:00","date_gmt":"2025-03-12T10:21:00","guid":{"rendered":"https:\/\/exhis.eu\/?p=432"},"modified":"2026-03-27T18:21:52","modified_gmt":"2026-03-27T17:21:52","slug":"rolunk-irtak","status":"publish","type":"post","link":"https:\/\/exhis.eu\/?p=432&lang=hu","title":{"rendered":"R\u00f3lunk \u00edrt\u00e1k"},"content":{"rendered":"\r\n<p><img loading=\"lazy\" decoding=\"async\" class=\"alignnone wp-image-1811 size-large\" src=\"https:\/\/exhis.eu\/wp-content\/uploads\/2026\/03\/ExHis-Vienna-Flyer-SB-V4-724x1024.png\" alt=\"\" width=\"724\" height=\"1024\" srcset=\"https:\/\/exhis.eu\/wp-content\/uploads\/2026\/03\/ExHis-Vienna-Flyer-SB-V4-724x1024.png 724w, https:\/\/exhis.eu\/wp-content\/uploads\/2026\/03\/ExHis-Vienna-Flyer-SB-V4-212x300.png 212w, https:\/\/exhis.eu\/wp-content\/uploads\/2026\/03\/ExHis-Vienna-Flyer-SB-V4-768x1086.png 768w, https:\/\/exhis.eu\/wp-content\/uploads\/2026\/03\/ExHis-Vienna-Flyer-SB-V4.png 1024w\" sizes=\"auto, (max-width: 724px) 100vw, 724px\" \/><\/p>\r\n<p style=\"text-align: left;\">&nbsp;<\/p>\r\n<p style=\"text-align: left;\">&nbsp;<\/p>\r\n<p style=\"text-align: left;\"><strong>Dr\u00e1mai utaz\u00e1s Szolnokon: a ki\u00e1ll\u00edt\u00e1s, amely felt\u00e1rja a holokauszt borzalmait \u2013 gal\u00e9ri\u00e1val, vide\u00f3val<\/strong><\/p>\r\n<p style=\"text-align: left;\">A t\u00f6rt\u00e9nelem tanulm\u00e1nyoz\u00e1sa elengedhetetlen ahhoz, hogy ne ism\u00e9tl\u0151dhessenek meg a m\u00falt borzalmai. Az Experience History utaz\u00f3 ki\u00e1ll\u00edt\u00e1s lehet\u0151s\u00e9get ad arra, hogy a l\u00e1togat\u00f3k k\u00f6zvetlen\u00fcl kapjanak betekint\u00e9st a holokauszt s\u00f6t\u00e9t eml\u00e9keibe, mik\u00f6zben megismerik a Birkenau t\u00e1borok t\u00f6rt\u00e9nelm\u00e9t.<\/p>\r\n<p style=\"text-align: left;\"><a href=\"https:\/\/www.szoljon.hu\/helyi-kozelet\/2025\/05\/experience-history-utazo-kiallitas-szolnok\">szoljon.hu<\/a><\/p>\r\n<hr>\r\n<p style=\"text-align: left;\"><iframe loading=\"lazy\" title=\"YouTube video player\" src=\"https:\/\/www.youtube.com\/embed\/68FJMZqeL3w?si=SsiG1HKU5pyJOAEH\" width=\"560\" height=\"315\" frameborder=\"0\" allowfullscreen=\"allowfullscreen\"><\/iframe><\/p>\r\n<p style=\"text-align: left;\">Maketteken kereszt\u00fcl tudhatunk meg t\u00f6bbet a holokausztr\u00f3l a Debrecenben ny\u00edlt utaz\u00f3ki\u00e1ll\u00edt\u00e1son<\/p>\r\n<hr>\r\n<p style=\"text-align: left;\"><\/p>\r\n<p style=\"text-align: left;\"><strong>Holokauszt t\u00f6rt\u00e9neti ki\u00e1ll\u00edt\u00e1s ny\u00edlt a szolnoki Jendrassik Gy\u00f6rgy G\u00e9pipari Technikumban<\/strong><\/p>\r\n<p style=\"text-align: left;\">2025. m\u00e1jus 12-\u00e9n \u00fcnnep\u00e9lyes keretek k\u00f6z\u00f6tt ny\u00edlt meg az \u201e\u00c9let Menete\u201d Alap\u00edtv\u00e1ny leg\u00fajabb,&nbsp;<strong>Experience History<\/strong>&nbsp;c\u00edm\u0171 utaz\u00f3 ki\u00e1ll\u00edt\u00e1sa a Szolnoki SZC Jendrassik Gy\u00f6rgy G\u00e9pipari Technikumban. A megnyit\u00f3nak az iskola k\u00f6zponti aul\u00e1ja adott otthont, m\u00edg a ki\u00e1ll\u00edt\u00e1s a m\u0171hely\u00e9p\u00fclet els\u0151 emelet\u00e9nek 101-es term\u00e9ben megtekinthet\u0151 csaknem egy h\u00f3napig.<\/p>\r\n<p style=\"text-align: left;\"><a href=\"https:\/\/szol24.hu\/2025\/05\/13\/holokauszt-torteneti-kiallitas-nyilt-a-szolnoki-jendrassik-gyorgy-gepipari-technikumban\/\">szol24.hu<\/a><\/p>\r\n<p style=\"text-align: left;\"><a href=\"https:\/\/szolnokinaplo.hu\/2025\/05\/13\/a-holokauszt-tortenetet-bemutato-kiallitas-nyilt-a-gepipariban\/\">szolnokinaplo.hu<\/a><\/p>\r\n<hr>\r\n<h4 style=\"text-align: left;\">Hal\u00e1lt\u00e1bormakettet mutattak be a De\u00e1k gimn\u00e1ziumban \u2013 gal\u00e9ri\u00e1val, vide\u00f3val<\/h4>\r\n<p style=\"text-align: left;\"><!-- \/wp:post-content --><\/p>\r\n<p style=\"text-align: left;\"><!-- wp:html --><\/p>\r\n<p style=\"text-align: left;\">Rendhagy\u00f3 m\u00f3don eml\u00e9keznek a szegedi De\u00e1k Ferenc Gimn\u00e1ziumban a holokausztra. Az \u00c9let Menete Alap\u00edtv\u00e1ny szervez\u00e9s\u00e9ben ki\u00e1ll\u00edt\u00e1son mutatnak be hal\u00e1lt\u00e1bor-makettet, Auschwitz-Birkenaut, \u00e9s az \u00fcnnep\u00e9lyes megnyit\u00f3n r\u00e9szt vett a 92 \u00e9ves Hirsch Zolt\u00e1n, mak\u00f3i holokauszt t\u00fal\u00e9l\u0151. <a href=\"https:\/\/www.delmagyar.hu\/helyi-kozelet\/2025\/03\/halaltabor-makett-holokauszt-deak-ferenc-gimnazium\">Tov\u00e1bb \u00bb<\/a><\/p>\r\n<hr>\r\n<p style=\"text-align: left;\"><!-- \/wp:html --><\/p>\r\n<p style=\"text-align: left;\"><!-- wp:heading {\"level\":4,\"className\":\"container-lg__title title title-cikk\"} --><\/p>\r\n<h4 class=\"wp-block-heading container-lg__title title title-cikk\" style=\"text-align: left;\">A 92 \u00e9ves t\u00fal\u00e9l\u0151 szerint nem szabad bed\u0151lni a propagand\u00e1nak, mert egyszer trag\u00e9dia lett a v\u00e9ge<\/h4>\r\n<p style=\"text-align: left;\"><!-- \/wp:heading --><\/p>\r\n<p style=\"text-align: left;\"><!-- wp:html --><\/p>\r\n<div style=\"text-align: left;\" data-v-2e43be07=\"\">Az \u00c9let Menete Alap\u00edtv\u00e1ny hal\u00e1lt\u00e1borokr\u00f3l m\u00e1solt makett-ki\u00e1ll\u00edt\u00e1s\u00e1t di\u00e1kok mutatt\u00e1k be a De\u00e1k-gimn\u00e1ziumban. Itt volt vend\u00e9g a holokausztot t\u00fal\u00e9l\u0151, ma kilencvenk\u00e9t \u00e9ves Hirsch Zolt\u00e1n is, akit tizenk\u00e9t \u00e9vesen kistestv\u00e9reivel, \u00e9s \u00e9desanyj\u00e1val vagon\u00edroztak be nyolcvanegy \u00e9vvel ezel\u0151tt.&nbsp;<a href=\"https:\/\/szeged.hu\/cikk\/a-92-eves-tulelo-szerint-nem-szabad-bedolni-a-propagandanak-mert-egyszer-tragedia-lett-a-vege\">Tov\u00e1bb \u00bb<\/a><\/div>\r\n<hr>\r\n<p style=\"text-align: left;\"><!-- \/wp:html --><\/p>\r\n<p style=\"text-align: left;\"><!-- wp:paragraph --><\/p>\r\n<h4 style=\"text-align: left;\">&nbsp;Ilyen k\u00fcl\u00f6nleges m\u00f3don m\u00e9g sosem mutatt\u00e1k be a holokausztot<\/h4>\r\n<p style=\"text-align: left;\"><!-- \/wp:paragraph --><\/p>\r\n<p style=\"text-align: left;\"><!-- wp:paragraph --><\/p>\r\n<div class=\"szelso-jobb-lead_container\" style=\"text-align: left;\">\r\n<div class=\"lead_container\">\r\n<div class=\"lead\">\u00daj oktat\u00e1si programot ind\u00edt a holokauszt bemutat\u00e1s\u00e1ra az \u00c9let Menete Alap\u00edtv\u00e1ny \u2013 jelentette be Gordon G\u00e1bor, az alap\u00edtv\u00e1ny kurat\u00f3riumi eln\u00f6ke.<\/div>\r\n<\/div>\r\n<\/div>\r\n<div class=\"cikk-torzs\" style=\"text-align: left;\">\r\n<p>A kezdem\u00e9nyez\u00e9st bemutat\u00f3 sajt\u00f3t\u00e1j\u00e9koztat\u00f3n Gordon G\u00e1bor elmondta, hogy az Eur\u00f3pai Uni\u00f3 t\u00e1mogat\u00e1s\u00e1val megval\u00f3sult Experience History projekt keret\u00e9ben egy utaz\u00f3ki\u00e1ll\u00edt\u00e1st hoztak l\u00e9tre, amivel a k\u00f6vetkez\u0151 m\u00e1sf\u00e9l \u00e9vben sz\u00e1mos v\u00e1rost felkeresnek.<\/p>\r\n<\/div>\r\n<p style=\"text-align: left;\"><!-- \/wp:paragraph --><\/p>\r\n<p style=\"text-align: left;\"><!-- wp:paragraph --><\/p>\r\n<p style=\"text-align: left;\"><span lang=\"EN-GB\"><a href=\"https:\/\/index.hu\/kultur\/2024\/09\/10\/az-elet-menete-alapitvany-gordon-gabor-auschwitz-birkenau-makett\/\" target=\"_blank\" rel=\"noopener\" data-saferedirecturl=\"https:\/\/www.google.com\/url?q=https:\/\/index.hu\/kultur\/2024\/09\/10\/az-elet-menete-alapitvany-gordon-gabor-auschwitz-birkenau-makett\/&amp;source=gmail&amp;ust=1727169147881000&amp;usg=AOvVaw01CXyEDbTxDi8_OZTFRchN\"><span lang=\"EN-US\">https:\/\/index.hu\/kultur\/2024\/09\/10\/az-elet-menete-alapitvany-gordon-gabor-auschwitz-birkenau-makett\/<\/span><\/a><\/span><\/p>\r\n<hr>\r\n<h4 style=\"text-align: left;\">Holokauszt-t\u00e1rlat \u00e9rkezik Szombathelyre<\/h4>\r\n<p style=\"text-align: left;\">Utaz\u00f3 ki\u00e1ll\u00edt\u00e1st hozott l\u00e9tre az \u00c9let Menete Alap\u00edtv\u00e1ny a holokauszt bemutat\u00e1s\u00e1ra. A Z-gener\u00e1ci\u00f3t c\u00e9lz\u00f3 t\u00e1rlat 2026-ban Szombathelyre is ell\u00e1togat.<\/p>\r\n<p style=\"text-align: left;\"><!-- \/wp:paragraph --><\/p>\r\n<p style=\"text-align: left;\"><!-- wp:paragraph --><\/p>\r\n<p style=\"text-align: left;\"><span lang=\"EN-GB\"><a href=\"https:\/\/www.hirstart.hu\/hk\/20240911_utazokiallitassal_emlekeztet_a_holokausztra_az_elet_menete_alapitvany\" target=\"_blank\" rel=\"noopener\" data-saferedirecturl=\"https:\/\/www.google.com\/url?q=https:\/\/www.hirstart.hu\/hk\/20240911_utazokiallitassal_emlekeztet_a_holokausztra_az_elet_menete_alapitvany&amp;source=gmail&amp;ust=1727169147881000&amp;usg=AOvVaw2v5EnCTdV6auOmAapsEUss\"><span lang=\"EN-US\">https:\/\/www.hirstart.<wbr>hu\/hk\/20240911_<wbr>utazokiallitassal_emlekeztet_<wbr>a_holokausztra_az_elet_menete_<wbr>alapitvany<\/span><\/a><\/span><u><\/u><u><\/u><\/p>\r\n<hr>\r\n<h4 class=\"article-header-title\" style=\"text-align: left;\">Az auschwitzi hal\u00e1lt\u00e1bort bemutat\u00f3 v\u00e1ndorki\u00e1ll\u00edt\u00e1s indul<\/h4>\r\n<p style=\"text-align: left;\">\u00daj oktat\u00e1si programot ind\u00edt a holokauszt bemutat\u00e1s\u00e1ra az&nbsp;<a href=\"https:\/\/www.eletmenete.hu\/\" target=\"_blank\" rel=\"noopener\">\u00c9let Menete Alap\u00edtv\u00e1ny<\/a>&nbsp;\u2013 jelentette be Gordon G\u00e1bor, az alap\u00edtv\u00e1ny kurat\u00f3riumi eln\u00f6ke kedden Budapesten.<\/p>\r\n<p style=\"text-align: left;\"><!-- \/wp:paragraph --><\/p>\r\n<p style=\"text-align: left;\"><!-- wp:paragraph --><\/p>\r\n<p style=\"text-align: left;\"><span lang=\"EN-GB\"><a href=\"https:\/\/szegedma.hu\/hirzona\/2024\/09\/az-auschwitzi-halaltabort-bemutato-vandorkiallitas-indul\" target=\"_blank\" rel=\"noopener\" data-saferedirecturl=\"https:\/\/www.google.com\/url?q=https:\/\/szegedma.hu\/hirzona\/2024\/09\/az-auschwitzi-halaltabort-bemutato-vandorkiallitas-indul&amp;source=gmail&amp;ust=1727169147881000&amp;usg=AOvVaw1Nbam0k8LG8ZhOB7IFFLxr\"><span lang=\"EN-US\">https:\/\/szegedma.hu\/<wbr>hirzona\/2024\/09\/az-auschwitzi-<wbr>halaltabort-bemutato-<wbr>vandorkiallitas-indul<\/span><\/a><\/span><u><\/u><u><\/u><\/p>\r\n<hr>\r\n<p style=\"text-align: left;\"><!-- \/wp:paragraph --><\/p>\r\n<p style=\"text-align: left;\"><!-- wp:paragraph --><\/p>\r\n<h4 class=\"postTitle\" style=\"text-align: left;\">\u00daj oktat\u00e1si program indul a holokauszt bemutat\u00e1s\u00e1ra<\/h4>\r\n<p style=\"text-align: left;\">\u00daj oktat\u00e1si programot ind\u00edt a holokauszt bemutat\u00e1s\u00e1ra az \u00c9let Menete Alap\u00edtv\u00e1ny \u2013 jelentette be Gordon G\u00e1bor, az alap\u00edtv\u00e1ny kurat\u00f3riumi eln\u00f6ke kedden Budapesten.<\/p>\r\n<p style=\"text-align: left;\"><!-- \/wp:paragraph --><\/p>\r\n<p style=\"text-align: left;\"><!-- wp:paragraph --><\/p>\r\n<p style=\"text-align: left;\"><span lang=\"EN-GB\"><a href=\"https:\/\/demokrata.hu\/magyarorszag\/uj-oktatasi-program-indul-a-holokauszt-bemutatasara-880170\/\" target=\"_blank\" rel=\"noopener\" data-saferedirecturl=\"https:\/\/www.google.com\/url?q=https:\/\/demokrata.hu\/magyarorszag\/uj-oktatasi-program-indul-a-holokauszt-bemutatasara-880170\/&amp;source=gmail&amp;ust=1727169147881000&amp;usg=AOvVaw1e3qSs6raBa8Zyx1bH7Ms_\"><span lang=\"EN-US\">https:\/\/demokrata.hu\/<wbr>magyarorszag\/uj-oktatasi-<wbr>program-indul-a-holokauszt-<wbr>bemutatasara-880170\/<\/span><\/a><\/span><u><\/u><u><\/u><\/p>\r\n<hr>\r\n<p style=\"text-align: left;\"><!-- \/wp:paragraph --><\/p>\r\n<p style=\"text-align: left;\"><!-- wp:paragraph --><\/p>\r\n<h4 class=\"title\" style=\"text-align: left;\">Majd csak 2026-ban \u00e9rkezik meg Szombathelyre az \u00c9let Menete Alap\u00edtv\u00e1ny frissen ind\u00edtott holokauszt ki\u00e1ll\u00edt\u00e1sa<\/h4>\r\n<div class=\"lead\" style=\"text-align: left;\">Karcagon mutatj\u00e1k be els\u0151k\u00e9nt az anyagot.<\/div>\r\n<div class=\"row\" style=\"text-align: left;\">\u00daj oktat\u00e1si programot ind\u00edt a holokauszt bemutat\u00e1s\u00e1ra az \u00c9let Menete Alap\u00edtv\u00e1ny &#8211; jelentette be Gordon G\u00e1bor, az alap\u00edtv\u00e1ny kurat\u00f3riumi eln\u00f6ke kedden Budapesten.<\/div>\r\n<p style=\"text-align: left;\"><span lang=\"EN-GB\"><a href=\"https:\/\/ugytudjuk.hu\/cikk\/2024-09-11_majd-csak-2026-ban-erkezik-meg-szombathelyre-az-elet-menete-alapitvany-frissen-inditott-holokauszt-kiallitasa\" target=\"_blank\" rel=\"noopener\" data-saferedirecturl=\"https:\/\/www.google.com\/url?q=https:\/\/ugytudjuk.hu\/cikk\/2024-09-11_majd-csak-2026-ban-erkezik-meg-szombathelyre-az-elet-menete-alapitvany-frissen-inditott-holokauszt-kiallitasa&amp;source=gmail&amp;ust=1727169147881000&amp;usg=AOvVaw2Blxsm_R4M67jZFiSbqPkc\"><span lang=\"EN-US\">https:\/\/ugytudjuk.hu\/<wbr>cikk\/2024-09-11_majd-csak-<wbr>2026-ban-erkezik-meg-<wbr>szombathelyre-az-elet-menete-<wbr>alapitvany-frissen-inditott-<wbr>holokauszt-kiallitasa<\/span><\/a><\/span><u><\/u><u><\/u><\/p>\r\n<hr>\r\n<p style=\"text-align: left;\"><!-- \/wp:paragraph --><\/p>\r\n<p style=\"text-align: left;\"><!-- wp:paragraph --><\/p>\r\n<h4 class=\"news-detail-title\" style=\"text-align: left;\">Miskolcra is elhozz\u00e1k Auschwitz-Birkenau \u00f3ri\u00e1s makettjeit<\/h4>\r\n<p style=\"text-align: left;\">A t\u00fal\u00e9l\u0151k, az \u00e1ldozatok \u00e9s az elk\u00f6vet\u0151k t\u00f6rt\u00e9neteit id\u00e9zik fel.<\/p>\r\n<p style=\"text-align: left;\"><span lang=\"EN-GB\"><a href=\"https:\/\/borsodihir.hu\/hir\/debrecenbe-is-elhozzak-auschwitz-birkenau-orias-makettjeit#google_vignette\" target=\"_blank\" rel=\"noopener\" data-saferedirecturl=\"https:\/\/www.google.com\/url?q=https:\/\/borsodihir.hu\/hir\/debrecenbe-is-elhozzak-auschwitz-birkenau-orias-makettjeit%23google_vignette&amp;source=gmail&amp;ust=1727169147881000&amp;usg=AOvVaw1UL1G5PozW5MxgoVFvxAHO\"><span lang=\"EN-US\">https:\/\/borsodihir.hu\/<wbr>hir\/debrecenbe-is-elhozzak-<wbr>auschwitz-birkenau-orias-<wbr>makettjeit#google_vignette<\/span><\/a><\/span><u><\/u><u><\/u><\/p>\r\n<hr>\r\n<p style=\"text-align: left;\"><!-- \/wp:paragraph --><\/p>\r\n<p style=\"text-align: left;\"><!-- wp:paragraph --><\/p>\r\n<h4 class=\"title\" style=\"text-align: left;\">Az auschwitzi hal\u00e1lt\u00e1bort bemutat\u00f3 v\u00e1ndorki\u00e1ll\u00edt\u00e1s indul<\/h4>\r\n<p style=\"text-align: left;\">Az Eur\u00f3pai Uni\u00f3 t\u00e1mogat\u00e1s\u00e1val l\u00e9trej\u00f6tt&nbsp;<a href=\"https:\/\/exhis.eu\/\">Experience History<\/a>&nbsp;program az Auschwitz-Birkenau koncentr\u00e1ci\u00f3s t\u00e1borok makettjeinek seg\u00edts\u00e9g\u00e9vel mutatja be a holokausztot \u00e9s annak sz\u00e9lesebb kontextus\u00e1t, illetve a helyi zsid\u00f3 k\u00f6z\u00f6ss\u00e9ghez k\u00f6thet\u0151 esem\u00e9nyeket. A projekt, melynek els\u0151dleges c\u00e9lja, hogy a Z gener\u00e1ci\u00f3 a t\u00fal\u00e9l\u0151k, \u00e1ldozatok, elk\u00f6vet\u0151k t\u00f6rt\u00e9neteinek felid\u00e9z\u00e9s\u00e9n kereszt\u00fcl, inform\u00e1lis oktat\u00e1s keret\u00e9ben szerezzen ismeretet a v\u00e9szkorszakr\u00f3l, a k\u00f6z\u00e9piskol\u00e1s di\u00e1kok akt\u00edv k\u00f6zrem\u0171k\u00f6d\u00e9s\u00e9vel ker\u00fcl bemutat\u00e1sra.<\/p>\r\n<p style=\"text-align: left;\"><span lang=\"EN-GB\"><a href=\"https:\/\/www.szombat.org\/hirek-lapszemle\/az-auschwitzi-lalaltabort-bemutato-vandorkiallitas-indul\" target=\"_blank\" rel=\"noopener\" data-saferedirecturl=\"https:\/\/www.google.com\/url?q=https:\/\/www.szombat.org\/hirek-lapszemle\/az-auschwitzi-lalaltabort-bemutato-vandorkiallitas-indul&amp;source=gmail&amp;ust=1727169147881000&amp;usg=AOvVaw0bTiHTJtwu9Y4jNSPbatGC\"><span lang=\"EN-US\">https:\/\/www.szombat.<wbr>org\/hirek-lapszemle\/az-<wbr>auschwitzi-lalaltabort-<wbr>bemutato-vandorkiallitas-indul<\/span><\/a><\/span><u><\/u><u><\/u><\/p>\r\n<hr>\r\n<p style=\"text-align: left;\"><!-- \/wp:paragraph --><\/p>\r\n<p style=\"text-align: left;\"><!-- wp:paragraph --><\/p>\r\n<h4 style=\"text-align: left;\">A holokausztot \u00faj oktat\u00e1si program mutatja be<\/h4>\r\n<p style=\"text-align: left;\">\u00daj oktat\u00e1si programot ind\u00edt a holokauszt bemutat\u00e1s\u00e1ra az&nbsp;<a href=\"https:\/\/www.eletmenete.hu\/\" target=\"_blank\" rel=\"noopener\">\u00c9let Menete Alap\u00edtv\u00e1ny<\/a><\/p>\r\n<p style=\"text-align: left;\"><span lang=\"EN-GB\"><a href=\"https:\/\/www.delmagyar.hu\/helyi-kozelet\/2024\/09\/holokausztot-uj-oktatasi-program-mutatja-be\" target=\"_blank\" rel=\"noopener\" data-saferedirecturl=\"https:\/\/www.google.com\/url?q=https:\/\/www.delmagyar.hu\/helyi-kozelet\/2024\/09\/holokausztot-uj-oktatasi-program-mutatja-be&amp;source=gmail&amp;ust=1727169147881000&amp;usg=AOvVaw23IeAv8DEyQpHhCdcjIhLY\"><span lang=\"EN-US\">https:\/\/www.delmagyar.<wbr>hu\/helyi-kozelet\/2024\/09\/<wbr>holokausztot-uj-oktatasi-<wbr>program-mutatja-be<\/span><\/a><\/span><u><\/u><u><\/u><\/p>\r\n<hr>\r\n<p style=\"text-align: left;\"><!-- \/wp:paragraph --><\/p>\r\n<p style=\"text-align: left;\"><!-- wp:paragraph --><\/p>\r\n<h4 style=\"text-align: left;\">2025-ben Debrecenbe j\u00f6n a holokausztot bemutat\u00f3 utaz\u00f3ki\u00e1ll\u00edt\u00e1s<\/h4>\r\n<p style=\"text-align: left;\">A t\u00e1rlat r\u00e9sze az Auschwitz-Birkenau koncentr\u00e1ci\u00f3s t\u00e1borok \u00f3ri\u00e1si makettje.<\/p>\r\n<p style=\"text-align: left;\"><span lang=\"EN-GB\"><a href=\"https:\/\/www.haon.hu\/helyi-kozelet\/2024\/09\/holokauszt-kiallitas-debrecen\" target=\"_blank\" rel=\"noopener\" data-saferedirecturl=\"https:\/\/www.google.com\/url?q=https:\/\/www.haon.hu\/helyi-kozelet\/2024\/09\/holokauszt-kiallitas-debrecen&amp;source=gmail&amp;ust=1727169147881000&amp;usg=AOvVaw3alcQS8iCP_k7IwXYf1LQF\"><span lang=\"EN-US\">https:\/\/www.haon.hu\/<wbr>helyi-kozelet\/2024\/09\/<wbr>holokauszt-kiallitas-debrecen<\/span><\/a><\/span><u><\/u><u><\/u><\/p>\r\n<hr>\r\n<p style=\"text-align: left;\"><!-- \/wp:paragraph --><\/p>\r\n<p style=\"text-align: left;\"><!-- wp:paragraph --><\/p>\r\n<h4 style=\"text-align: left;\">Karcagon mutatkozik be az utaz\u00f3ki\u00e1ll\u00edt\u00e1s, j\u00f6v\u0151re Szolnokra \u00e9rkezik az anyag<\/h4>\r\n<p style=\"text-align: left;\">Az alap\u00edtv\u00e1ny \u201eleg\u00fajabb \u00e9s eddigi legk\u00fcl\u00f6nlegesebb\u201d szeml\u00e9ltet\u0151 oktat\u00e1si anyaga az Auschwitz-Birkenau koncentr\u00e1ci\u00f3s t\u00e1borok \u00f3ri\u00e1s makettjeinek seg\u00edts\u00e9g\u00e9vel mutatja be a holokausztot \u00e9s annak sz\u00e9lesebb kontextus\u00e1t, illetve a helyi zsid\u00f3 k\u00f6z\u00f6ss\u00e9ghez k\u00f6thet\u0151 esem\u00e9nyeket.<\/p>\r\n<p style=\"text-align: left;\"><span lang=\"EN-GB\"><a href=\"https:\/\/www.szoljon.hu\/helyi-kultura\/2024\/09\/utazokiallitas-holokauszt-karcag-szolnok\" target=\"_blank\" rel=\"noopener\" data-saferedirecturl=\"https:\/\/www.google.com\/url?q=https:\/\/www.szoljon.hu\/helyi-kultura\/2024\/09\/utazokiallitas-holokauszt-karcag-szolnok&amp;source=gmail&amp;ust=1727169147881000&amp;usg=AOvVaw2buuKA_xF82ftfdGgrbqHf\"><span lang=\"EN-US\">https:\/\/www.szoljon.<wbr>hu\/helyi-kultura\/2024\/09\/<wbr>utazokiallitas-holokauszt-<wbr>karcag-szolnok<\/span><\/a><\/span><u><\/u><u><\/u><\/p>\r\n<hr>\r\n<p style=\"text-align: left;\"><!-- \/wp:paragraph --><\/p>\r\n<p style=\"text-align: left;\"><!-- wp:paragraph --><\/p>\r\n<h4 class=\"entry-title\" style=\"text-align: left;\">Miskolcon is megtekinthet\u0151 lesz a holokausztot bemutat\u00f3 v\u00e1ndorki\u00e1ll\u00edt\u00e1s<\/h4>\r\n<p style=\"text-align: left;\">\u00daj oktat\u00e1si programot ind\u00edt a holokauszt bemutat\u00e1s\u00e1ra az \u00c9let Menete Alap\u00edtv\u00e1ny, \u00f3ri\u00e1smaketten lesz megtekinthet\u0151 az Auschwitz-Birkenau koncentr\u00e1ci\u00f3s t\u00e1borok.<\/p>\r\n<p style=\"text-align: left;\"><span lang=\"EN-GB\"><a href=\"https:\/\/borsod24.hu\/2024\/09\/11\/miskolcon-is-megtekintheto-lesz-a-holokausztot-bemutato-vandorkiallitas\/\" target=\"_blank\" rel=\"noopener\" data-saferedirecturl=\"https:\/\/www.google.com\/url?q=https:\/\/borsod24.hu\/2024\/09\/11\/miskolcon-is-megtekintheto-lesz-a-holokausztot-bemutato-vandorkiallitas\/&amp;source=gmail&amp;ust=1727169147881000&amp;usg=AOvVaw2xROhxUJ9Bu5tkuYogGq4c\"><span lang=\"EN-US\">https:\/\/borsod24.hu\/<wbr>2024\/09\/11\/miskolcon-is-<wbr>megtekintheto-lesz-a-<wbr>holokausztot-bemutato-<wbr>vandorkiallitas\/<\/span><\/a><\/span><u><\/u><u><\/u><\/p>\r\n<hr>\r\n<p style=\"text-align: left;\"><!-- \/wp:paragraph --><\/p>\r\n<p style=\"text-align: left;\"><!-- wp:paragraph --><\/p>\r\n<h4 style=\"text-align: left;\">J\u00f6v\u0151re \u00e9r ide az \u00faj oktat\u00e1si program<\/h4>\r\n<p style=\"text-align: left;\">\u00daj oktat\u00e1si programot ind\u00edt a holokauszt bemutat\u00e1s\u00e1ra az \u00c9let Menete Alap\u00edtv\u00e1ny &#8211; jelentette be Gordon G\u00e1bor, az alap\u00edtv\u00e1ny kurat\u00f3riumi eln\u00f6ke kedden Budapesten.<\/p>\r\n<p style=\"text-align: left;\"><span lang=\"EN-GB\"><a href=\"https:\/\/www.boon.hu\/helyi-kozelet\/2024\/09\/uj-oktatasi-program-holokauszt-elet-menete-alapitvany\" target=\"_blank\" rel=\"noopener\" data-saferedirecturl=\"https:\/\/www.google.com\/url?q=https:\/\/www.boon.hu\/helyi-kozelet\/2024\/09\/uj-oktatasi-program-holokauszt-elet-menete-alapitvany&amp;source=gmail&amp;ust=1727169147881000&amp;usg=AOvVaw1gTmMZc7_6lg0LLStfveHU\"><span lang=\"EN-US\">https:\/\/www.boon.hu\/<wbr>helyi-kozelet\/2024\/09\/uj-<wbr>oktatasi-program-holokauszt-<wbr>elet-menete-alapitvany<\/span><\/a><\/span><u><\/u><u><\/u><\/p>\r\n<hr>\r\n<p style=\"text-align: left;\"><!-- \/wp:paragraph --><\/p>\r\n<p style=\"text-align: left;\"><!-- wp:paragraph --><\/p>\r\n<h4 class=\"entry-title\" style=\"text-align: left;\">Utaz\u00f3ki\u00e1ll\u00edt\u00e1ssal eml\u00e9keztet a holokausztra az \u00c9let Menete Alap\u00edtv\u00e1ny<\/h4>\r\n<p style=\"text-align: left;\">A kezdem\u00e9nyez\u00e9st ismertet\u0151 sajt\u00f3t\u00e1j\u00e9koztat\u00f3n az eln\u00f6k elmondta, hogy az Eur\u00f3pai Uni\u00f3 t\u00e1mogat\u00e1s\u00e1val l\u00e9trej\u00f6tt Experience History projekt keret\u00e9ben egy utaz\u00f3ki\u00e1ll\u00edt\u00e1st szerveztek, amellyel a k\u00f6vetkez\u0151 m\u00e1sf\u00e9l \u00e9v sor\u00e1n sz\u00e1mos v\u00e1rost megl\u00e1togatnak.<\/p>\r\n<p style=\"text-align: left;\"><span lang=\"EN-GB\"><a href=\"https:\/\/mizumiskolc.hu\/utazokiallitassal_emlekeztet_a_holokausztra_az_elet_menete_alapitvany\/\" target=\"_blank\" rel=\"noopener\" data-saferedirecturl=\"https:\/\/www.google.com\/url?q=https:\/\/mizumiskolc.hu\/utazokiallitassal_emlekeztet_a_holokausztra_az_elet_menete_alapitvany\/&amp;source=gmail&amp;ust=1727169147881000&amp;usg=AOvVaw23QhAb4X5BrEXS7oWmKM2C\"><span lang=\"EN-US\">https:\/\/mizumiskolc.<wbr>hu\/utazokiallitassal_<wbr>emlekeztet_a_holokausztra_az_<wbr>elet_menete_alapitvany\/<\/span><\/a><\/span><u><\/u><u><\/u><\/p>\r\n<hr>\r\n<p style=\"text-align: left;\"><!-- \/wp:paragraph --><\/p>\r\n<p style=\"text-align: left;\"><!-- wp:paragraph --><\/p>\r\n<h4 style=\"text-align: left;\">Holokauszt-t\u00e1rlat \u00e9rkezik Szombathelyre<\/h4>\r\n<p style=\"text-align: left;\">Utaz\u00f3 ki\u00e1ll\u00edt\u00e1st hozott l\u00e9tre az \u00c9let Menete Alap\u00edtv\u00e1ny a holokauszt bemutat\u00e1s\u00e1ra. A Z-gener\u00e1ci\u00f3t c\u00e9lz\u00f3 t\u00e1rlat 2026-ban Szombathelyre is ell\u00e1togat.<\/p>\r\n<p style=\"text-align: left;\"><span lang=\"EN-GB\"><a href=\"https:\/\/www.vaol.hu\/helyi-kozelet\/2024\/09\/holokauszt-tarlat-erkezik-szombathelyre\" target=\"_blank\" rel=\"noopener\" data-saferedirecturl=\"https:\/\/www.google.com\/url?q=https:\/\/www.vaol.hu\/helyi-kozelet\/2024\/09\/holokauszt-tarlat-erkezik-szombathelyre&amp;source=gmail&amp;ust=1727169147881000&amp;usg=AOvVaw0Nfr29i9LlGr3SOlRKysDy\"><span lang=\"EN-US\">https:\/\/www.vaol.hu\/<wbr>helyi-kozelet\/2024\/09\/<wbr>holokauszt-tarlat-erkezik-<wbr>szombathelyre<\/span><\/a><\/span><u><\/u><u><\/u><\/p>\r\n<hr>\r\n<p style=\"text-align: left;\"><!-- \/wp:paragraph --><\/p>\r\n<p style=\"text-align: left;\"><!-- wp:paragraph --><\/p>\r\n<h4 style=\"text-align: left;\">Egerben is bemutatj\u00e1k a holokausztr\u00f3l sz\u00f3l\u00f3 \u00faj oktat\u00e1si programot<\/h4>\r\n<p style=\"text-align: left;\">2025-ben \u00e9rkezik a hevesi v\u00e1megyesz\u00e9khelyre<\/p>\r\n<p style=\"text-align: left;\"><span lang=\"EN-GB\"><a href=\"https:\/\/www.heol.hu\/helyi-kozelet\/2024\/09\/egerben-is-bemutatjak-a-holokausztrol-szolo-uj-oktatasi-programot\" target=\"_blank\" rel=\"noopener\" data-saferedirecturl=\"https:\/\/www.google.com\/url?q=https:\/\/www.heol.hu\/helyi-kozelet\/2024\/09\/egerben-is-bemutatjak-a-holokausztrol-szolo-uj-oktatasi-programot&amp;source=gmail&amp;ust=1727169147881000&amp;usg=AOvVaw1c_QeMRwHGO5AIT8ULBarD\"><span lang=\"EN-US\">https:\/\/www.heol.hu\/<wbr>helyi-kozelet\/2024\/09\/egerben-<wbr>is-bemutatjak-a-holokausztrol-<wbr>szolo-uj-oktatasi-programot<\/span><\/a><\/span><u><\/u><u><\/u><\/p>\r\n<hr>\r\n<p style=\"text-align: left;\"><!-- \/wp:paragraph --><\/p>\r\n<p style=\"text-align: left;\"><!-- wp:paragraph --><\/p>\r\n<h4 class=\"entry-title\" style=\"text-align: left;\">Karcagon mutatj\u00e1k be, majd Szolnokra is j\u00f6n a holokausztr\u00f3l sz\u00f3l\u00f3 oktat\u00e1si program<\/h4>\r\n<p style=\"text-align: left;\">Az \u00c9let Menete Alap\u00edtv\u00e1ny egy \u00faj oktat\u00e1si programot ind\u00edt a holokauszt bemutat\u00e1s\u00e1ra \u2013 jelentette be kedden Gordon G\u00e1bor, az alap\u00edtv\u00e1ny kurat\u00f3riumi eln\u00f6ke. A sajt\u00f3t\u00e1j\u00e9koztat\u00f3n ismertett\u00e9k, hogy az Eur\u00f3pai Uni\u00f3 t\u00e1mogat\u00e1s\u00e1val megval\u00f3sult Experience History projekt r\u00e9szek\u00e9nt egy utaz\u00f3ki\u00e1ll\u00edt\u00e1st hoztak l\u00e9tre, amely a k\u00f6vetkez\u0151 m\u00e1sf\u00e9l \u00e9vben t\u00f6bb v\u00e1rosba is ell\u00e1togat, k\u00f6ztuk Karcagra \u00e9s Szolnokra.<\/p>\r\n<p style=\"text-align: left;\"><span lang=\"EN-GB\"><a href=\"https:\/\/szol24.hu\/2024\/09\/11\/karcagon-mutatjak-be-majd-szolnokra-is-jon-a-holokausztrol-szolo-oktatasi-program\/\" target=\"_blank\" rel=\"noopener\" data-saferedirecturl=\"https:\/\/www.google.com\/url?q=https:\/\/szol24.hu\/2024\/09\/11\/karcagon-mutatjak-be-majd-szolnokra-is-jon-a-holokausztrol-szolo-oktatasi-program\/&amp;source=gmail&amp;ust=1727169147881000&amp;usg=AOvVaw0F843ddZjc63MG2dGKpyRk\"><span lang=\"EN-US\">https:\/\/szol24.hu\/<wbr>2024\/09\/11\/karcagon-mutatjak-<wbr>be-majd-szolnokra-is-jon-a-<wbr>holokausztrol-szolo-oktatasi-<wbr>program\/<\/span><\/a><\/span><u><\/u><u><\/u><\/p>\r\n<hr>\r\n<p style=\"text-align: left;\"><!-- \/wp:paragraph --><\/p>\r\n<p style=\"text-align: left;\"><!-- wp:paragraph --><\/p>\r\n<h4 class=\"entry-title\" style=\"text-align: left;\">Az \u00c9let Menete Alap\u00edtv\u00e1ny \u00e9s az Experience History k\u00f6z\u00f6s utaz\u00f3ki\u00e1ll\u00e1t\u00e1s\u00e1nak bemutat\u00e1sa<\/h4>\r\n<p style=\"text-align: left;\"><span lang=\"EN-GB\"><a href=\"https:\/\/heti.tv\/2024\/09\/12\/az-elet-menete-alapitvany-es-az-experience-history-kozos-utazokiallatasanak-bemutatasa\/\" target=\"_blank\" rel=\"noopener\" data-saferedirecturl=\"https:\/\/www.google.com\/url?q=https:\/\/heti.tv\/2024\/09\/12\/az-elet-menete-alapitvany-es-az-experience-history-kozos-utazokiallatasanak-bemutatasa\/&amp;source=gmail&amp;ust=1727169147881000&amp;usg=AOvVaw0s-JGjVEHi2wEifsi7bYIW\"><span lang=\"EN-US\">https:\/\/heti.tv\/2024\/<wbr>09\/12\/az-elet-menete-<wbr>alapitvany-es-az-experience-<wbr>history-kozos-<wbr>utazokiallatasanak-bemutatasa\/<\/span><\/a><\/span><u><\/u><u><\/u><\/p>\r\n<hr>\r\n<p style=\"text-align: left;\"><!-- \/wp:paragraph --><\/p>\r\n<p style=\"text-align: left;\"><!-- wp:paragraph --><\/p>\r\n<h4 style=\"text-align: left;\">Ingyenesen l\u00e1that\u00f3 a k\u00fcl\u00f6nleges t\u00e1rlat Karcagon<\/h4>\r\n<p style=\"text-align: left;\">Szeptember v\u00e9g\u00e9ig l\u00e1that\u00f3 az \u00c9let menete Alap\u00edtv\u00e1ny Experience History projektje keret\u00e9ben l\u00e9trehozott utaz\u00f3ki\u00e1ll\u00edt\u00e1s a karcagi zsinag\u00f3g\u00e1ban.<\/p>\r\n<p style=\"text-align: left;\"><span lang=\"EN-GB\"><a href=\"https:\/\/www.szoljon.hu\/helyi-kultura\/2024\/09\/kulonleges-tarlat-karcag-ingyenes\" target=\"_blank\" rel=\"noopener\" data-saferedirecturl=\"https:\/\/www.google.com\/url?q=https:\/\/www.szoljon.hu\/helyi-kultura\/2024\/09\/kulonleges-tarlat-karcag-ingyenes&amp;source=gmail&amp;ust=1727169147881000&amp;usg=AOvVaw2lq_8j1YGam3wzdIdcjgWR\"><span lang=\"EN-US\">https:\/\/www.szoljon.<wbr>hu\/helyi-kultura\/2024\/09\/<wbr>kulonleges-tarlat-karcag-<wbr>ingyenes<\/span><\/a><\/span><u><\/u><u><\/u><\/p>\r\n<hr>\r\n<p style=\"text-align: left;\"><!-- \/wp:paragraph --><\/p>\r\n<p style=\"text-align: left;\"><!-- wp:paragraph --><\/p>\r\n<p style=\"text-align: left;\"><!-- \/wp:paragraph --><\/p>\r\n<p style=\"text-align: left;\"><!-- wp:paragraph --><\/p>\r\n<h4 class=\"entry-title\" style=\"text-align: left;\">K\u00fcl\u00f6nleges utaz\u00f3ki\u00e1ll\u00edt\u00e1ssal mutatja be a holokausztot az \u00c9let Menete Alap\u00edtv\u00e1ny<\/h4>\r\n<p style=\"text-align: left;\">Az alap\u00edtv\u00e1ny leg\u00fajabb \u00e9s eddigi legk\u00fcl\u00f6nlegesebb szeml\u00e9ltet\u0151 oktat\u00e1si anyaga az Auschwitz-Birkenau koncentr\u00e1ci\u00f3s t\u00e1borok \u00f3ri\u00e1s makettjeinek seg\u00edts\u00e9g\u00e9vel mutatja be a holokausztot \u00e9s annak sz\u00e9lesebb kontextus\u00e1t.<\/p>\r\n<p style=\"text-align: left;\"><span lang=\"EN-GB\"><a href=\"https:\/\/kibic.hu\/2024\/09\/11\/kulonleges-utazokiallitassal-mutatja-be-a-holokausztot-az-elet-menete-alapitvany\/\" target=\"_blank\" rel=\"noopener\" data-saferedirecturl=\"https:\/\/www.google.com\/url?q=https:\/\/kibic.hu\/2024\/09\/11\/kulonleges-utazokiallitassal-mutatja-be-a-holokausztot-az-elet-menete-alapitvany\/&amp;source=gmail&amp;ust=1727169147881000&amp;usg=AOvVaw0I9Rld8zsL23e7Y0irWF5A\"><span lang=\"EN-US\">https:\/\/kibic.hu\/2024\/<wbr>09\/11\/kulonleges-<wbr>utazokiallitassal-mutatja-be-<wbr>a-holokausztot-az-elet-menete-<wbr>alapitvany\/<\/span><\/a><\/span>&nbsp;(jewish culture)<\/p>\r\n<hr>\r\n<p style=\"text-align: left;\"><!-- \/wp:paragraph --><\/p>\r\n<p style=\"text-align: left;\"><!-- wp:paragraph --><\/p>\r\n<figure class=\"wp-block-embed is-type-video is-provider-youtube wp-block-embed-youtube wp-embed-aspect-16-9 wp-has-aspect-ratio\"><\/figure>\r\n<h3 class=\"post-title\" style=\"text-align: left;\">M\u00e9g makettk\u00e9nt is nyomaszt\u00f3 \u2013 Ny\u00edregyh\u00e1z\u00e1ra \u00e9rkezett az utaz\u00f3 holokauszt ki\u00e1ll\u00edt\u00e1s<\/h3>\r\n<p style=\"text-align: left;\">Ny\u00edregyh\u00e1z\u00e1ra \u00e9rkezett az Experience History utaz\u00f3 makettki\u00e1ll\u00edt\u00e1sa okt\u00f3ber 1-j\u00e9n. A&nbsp;megnyit\u00f3ja d\u00e9lut\u00e1n kezd\u0151d\u00f6tt a Bethlen G\u00e1bor Gimn\u00e1zium, \u00c1ltal\u00e1nos Iskola, \u00d3voda, Alapfok\u00fa M\u0171v\u00e9szeti Iskol\u00e1ban. A t\u00e1rlat k\u00e9t \u00f3ri\u00e1s makettb\u0151l \u00e1ll, melyek az Auschwitz-Birkenau munkat\u00e1borokat \u00e1br\u00e1zolj\u00e1k, c\u00e9ljuk pedig, hogy figyelemfelkelt\u0151&nbsp;m\u00f3don tan\u00edts\u00e1k meg a&nbsp;t\u00f6rt\u00e9nelmet a mai fiataloknak.<\/p>\r\n<p style=\"text-align: left;\"><!-- \/wp:paragraph --><\/p>\r\n<p style=\"text-align: left;\"><!-- wp:paragraph --><\/p>\r\n<p style=\"text-align: left;\"><a href=\"https:\/\/www.nyiregyhaza.hu\/post\/makettkiallitas-nyiregyhazara-erkezett-az-utazo-holokauszt-kiallitas-2024-10-03\">https:\/\/www.nyiregyhaza.hu\/post\/makettkiallitas-nyiregyhazara-erkezett-az-utazo-holokauszt-kiallitas-2024-10-03<\/a><\/p>\r\n<hr>\r\n<p style=\"text-align: left;\"><!-- \/wp:paragraph --><\/p>\r\n<p style=\"text-align: left;\"><!-- wp:paragraph --><\/p>\r\n<h4 class=\"post__title\" style=\"text-align: left;\">Makettki\u00e1ll\u00edt\u00e1s M\u00e1t\u00e9szalk\u00e1n<\/h4>\r\n<p style=\"text-align: left;\">Makettki\u00e1ll\u00edt\u00e1s ny\u00edlt az Esze Tam\u00e1s Gimn\u00e1ziumban, amely az Eur\u00f3pai Uni\u00f3 t\u00e1mogat\u00e1s\u00e1val l\u00e9trej\u00f6tt Experience History program az Auschwitz-Birkenau koncentr\u00e1ci\u00f3s t\u00e1borok makettjeinek seg\u00edts\u00e9g\u00e9vel mutatja be a holokausztot.<\/p>\r\n<p style=\"text-align: left;\"><a href=\"https:\/\/mateszalka-fenyvarosa.hu\/makettkiallitas-mateszalkan\">https:\/\/mateszalka-fenyvarosa.hu\/makettkiallitas-mateszalkan<\/a><\/p>\r\n<hr>\r\n<p style=\"text-align: left;\"><!-- \/wp:paragraph --><\/p>\r\n<p style=\"text-align: left;\"><!-- wp:paragraph --><\/p>\r\n<p style=\"text-align: left;\"><!-- \/wp:paragraph --><\/p>\r\n<p style=\"text-align: left;\"><!-- wp:paragraph --><\/p>\r\n<h4 style=\"text-align: left;\">Utaz\u00f3 makettki\u00e1ll\u00edt\u00e1s<\/h4>\r\n<p style=\"text-align: left;\">A holokausztnak \u00e1ll\u00edt eml\u00e9ket az a k\u00e9t r\u00e9szb\u0151l \u00e1ll\u00f3 makettki\u00e1ll\u00edt\u00e1s amelyet a Sz\u00e9chenyi Istv\u00e1n M\u0171szaki Technikumban nyitottak meg. A koncentr\u00e1ci\u00f3s t\u00e1borokat bemutat\u00f3 makettek k\u00e9t h\u00e9tig lesznek l\u00e1that\u00f3ak az iskol\u00e1ban.<\/p>\r\n<p style=\"text-align: left;\">Sz\u00e9kesfeh\u00e9rv\u00e1r TV: <a href=\"https:\/\/www.fehervartv.hu\/video\/index\/45452\" target=\"_blank\" rel=\"noreferrer noopener\">https:\/\/www.fehervartv.hu\/video\/index\/45452<\/a><\/p>\r\n<hr>\r\n<p style=\"text-align: left;\"><!-- \/wp:paragraph --><\/p>\r\n<p style=\"text-align: left;\"><!-- wp:paragraph --><\/p>\r\n<h4 class=\"page-title\" style=\"text-align: left;\">Az \u00c9let Menete a Sz\u00e9chenyi-ben \u2013 utaz\u00f3 makettki\u00e1ll\u00edt\u00e1s ny\u00edlik di\u00e1koknak a holokausztr\u00f3l<\/h4>\r\n<div class=\"news-lead\" style=\"text-align: left;\">A holokausztr\u00f3l tanulhatnak a sz\u00e9kesfeh\u00e9rv\u00e1ri di\u00e1kok az \u00c9let Menete Alap\u00edtv\u00e1ny utaz\u00f3 ki\u00e1ll\u00edt\u00e1s\u00e1n, amely ezen a h\u00e9ten cs\u00fct\u00f6rt\u00f6k\u00f6n \u00e9rkezik a Sz\u00e9chenyi Istv\u00e1n M\u0171szaki Technikumba. A k\u00fcl\u00f6nleges, szeml\u00e9ltet\u0151 oktat\u00e1si anyag az Auschwitz-Birkenau koncentr\u00e1ci\u00f3s t\u00e1borok \u00f3ri\u00e1smakettj\u00e9nek seg\u00edts\u00e9g\u00e9vel mutatja be az egykor t\u00f6rt\u00e9nteket.<\/div>\r\n<p style=\"text-align: left;\"><a href=\"https:\/\/www.szekesfehervar.hu\/az-elet-menete-a-szechenyi-ben-utazo-makettkiallitason-tanulhatnak-a-diakok-a-holokausztrol\">https:\/\/www.szekesfehervar.hu\/az-elet-menete-a-szechenyi-ben-utazo-makettkiallitason-tanulhatnak-a-diakok-a-holokausztrol<\/a><\/p>\r\n<p style=\"text-align: left;\"><!-- \/wp:paragraph --><\/p>\r\n<p style=\"text-align: left;\"><!-- wp:paragraph --><\/p>\r\n<p style=\"text-align: left;\">&nbsp;<\/p>\r\n<p style=\"text-align: left;\"><!-- \/wp:paragraph --><\/p>\r\n<p style=\"text-align: left;\"><!-- wp:paragraph --><\/p>\r\n<p style=\"text-align: left;\">&nbsp;<\/p>\r\n<p><!-- \/wp:paragraph --><\/p>","protected":false},"excerpt":{"rendered":"<p>A sajt\u00f3ban az al\u00e1bbi cikkek jelentek meg r\u00f3lunk:<\/p>\n","protected":false},"author":3,"featured_media":0,"comment_status":"open","ping_status":"open","sticky":false,"template":"","format":"standard","meta":{"ngg_post_thumbnail":0,"footnotes":""},"categories":[59],"tags":[],"class_list":["post-432","post","type-post","status-publish","format-standard","hentry","category-arhiv"],"_links":{"self":[{"href":"https:\/\/exhis.eu\/index.php?rest_route=\/wp\/v2\/posts\/432","targetHints":{"allow":["GET"]}}],"collection":[{"href":"https:\/\/exhis.eu\/index.php?rest_route=\/wp\/v2\/posts"}],"about":[{"href":"https:\/\/exhis.eu\/index.php?rest_route=\/wp\/v2\/types\/post"}],"author":[{"embeddable":true,"href":"https:\/\/exhis.eu\/index.php?rest_route=\/wp\/v2\/users\/3"}],"replies":[{"embeddable":true,"href":"https:\/\/exhis.eu\/index.php?rest_route=%2Fwp%2Fv2%2Fcomments&post=432"}],"version-history":[{"count":69,"href":"https:\/\/exhis.eu\/index.php?rest_route=\/wp\/v2\/posts\/432\/revisions"}],"predecessor-version":[{"id":1849,"href":"https:\/\/exhis.eu\/index.php?rest_route=\/wp\/v2\/posts\/432\/revisions\/1849"}],"wp:attachment":[{"href":"https:\/\/exhis.eu\/index.php?rest_route=%2Fwp%2Fv2%2Fmedia&parent=432"}],"wp:term":[{"taxonomy":"category","embeddable":true,"href":"https:\/\/exhis.eu\/index.php?rest_route=%2Fwp%2Fv2%2Fcategories&post=432"},{"taxonomy":"post_tag","embeddable":true,"href":"https:\/\/exhis.eu\/index.php?rest_route=%2Fwp%2Fv2%2Ftags&post=432"}],"curies":[{"name":"wp","href":"https:\/\/api.w.org\/{rel}","templated":true}]}}