{"id":903,"date":"2025-07-21T14:58:33","date_gmt":"2025-07-21T12:58:33","guid":{"rendered":"https:\/\/exhis.eu\/?p=903"},"modified":"2025-07-21T15:01:22","modified_gmt":"2025-07-21T13:01:22","slug":"evenimentul-nostru-al-noualea-a-avut-loc-la-szolnok-in-cadrul-liceului-tehnologic-industrial-gyorgy-jendrassik","status":"publish","type":"post","link":"https:\/\/exhis.eu\/?p=903&lang=ro","title":{"rendered":"Evenimentul nostru al nou\u0103lea a avut loc la Szolnok, \u00een cadrul Liceului Tehnologic Industrial \u201eGy\u00f6rgy Jendrassik\u201d"},"content":{"rendered":"<p data-start=\"149\" data-end=\"282\">Dup\u0103 trei expozi\u021bii organizate \u00een Slovacia, expozi\u021bia a ajuns mai \u00eent\u00e2i la Szeged, apoi la Debrecen, iar \u00een cele din urm\u0103 la Szolnok.<\/p>\r\n<p data-start=\"284\" data-end=\"371\">\u00cencep\u00e2nd cu 9 mai 2025, expozi\u021bia a putut fi vizitat\u0103 pe baz\u0103 de programare prealabil\u0103.<\/p>\r\n<p data-start=\"373\" data-end=\"554\">Expozi\u021bia a fost prezentat\u0103 de ghizii no\u0219tri voluntari \u2013 elevi instrui\u021bi de formatori experimenta\u021bi din cadrul proiectului ExHis \u2013 care au explicat modelul \u0219i contextul s\u0103u istoric.<\/p>\r\n<p data-start=\"556\" data-end=\"751\">Prin metoda \u00eenv\u0103\u021b\u0103rii legate de loc, ne propunem s\u0103 implic\u0103m tineri, profesori \u0219i speciali\u0219ti \u00een educa\u021bie, pentru a le \u00eemp\u0103rt\u0103\u0219i istoria Holocaustului \u00een contextul s\u0103u istoric \u0219i social mai larg.<\/p>\r\n<p data-start=\"753\" data-end=\"864\" data-is-last-node=\"\" data-is-only-node=\"\">Locul desf\u0103\u0219ur\u0103rii expozi\u021biei: Liceul Tehnologic Industrial \u201eGy\u00f6rgy Jendrassik\u201d, Szolnok, str. Baross nr. 37.<\/p>\r\n<p data-start=\"753\" data-end=\"864\" data-is-last-node=\"\" data-is-only-node=\"\">&nbsp;<\/p>\r\nngg_shortcode_0_placeholder\n","protected":false},"excerpt":{"rendered":"<p>Dup\u0103 trei expozi\u021bii organizate \u00een Slovacia, expozi\u021bia a ajuns mai \u00eent\u00e2i la Szeged, apoi la Debrecen, iar \u00een cele din urm\u0103 la Szolnok. \u00cencep\u00e2nd cu 9 mai 2025, expozi\u021bia a putut fi vizitat\u0103 pe baz\u0103 de programare prealabil\u0103. Expozi\u021bia a fost prezentat\u0103 de ghizii no\u0219tri voluntari \u2013 elevi instrui\u021bi de formatori experimenta\u021bi din cadrul proiectului [&hellip;]<\/p>\n","protected":false},"author":7,"featured_media":809,"comment_status":"open","ping_status":"open","sticky":false,"template":"","format":"standard","meta":{"ngg_post_thumbnail":0,"footnotes":""},"categories":[43],"tags":[140],"class_list":["post-903","post","type-post","status-publish","format-standard","has-post-thumbnail","hentry","category-evenimente","tag-ro-regi"],"_links":{"self":[{"href":"https:\/\/exhis.eu\/index.php?rest_route=\/wp\/v2\/posts\/903","targetHints":{"allow":["GET"]}}],"collection":[{"href":"https:\/\/exhis.eu\/index.php?rest_route=\/wp\/v2\/posts"}],"about":[{"href":"https:\/\/exhis.eu\/index.php?rest_route=\/wp\/v2\/types\/post"}],"author":[{"embeddable":true,"href":"https:\/\/exhis.eu\/index.php?rest_route=\/wp\/v2\/users\/7"}],"replies":[{"embeddable":true,"href":"https:\/\/exhis.eu\/index.php?rest_route=%2Fwp%2Fv2%2Fcomments&post=903"}],"version-history":[{"count":1,"href":"https:\/\/exhis.eu\/index.php?rest_route=\/wp\/v2\/posts\/903\/revisions"}],"predecessor-version":[{"id":904,"href":"https:\/\/exhis.eu\/index.php?rest_route=\/wp\/v2\/posts\/903\/revisions\/904"}],"wp:featuredmedia":[{"embeddable":true,"href":"https:\/\/exhis.eu\/index.php?rest_route=\/wp\/v2\/media\/809"}],"wp:attachment":[{"href":"https:\/\/exhis.eu\/index.php?rest_route=%2Fwp%2Fv2%2Fmedia&parent=903"}],"wp:term":[{"taxonomy":"category","embeddable":true,"href":"https:\/\/exhis.eu\/index.php?rest_route=%2Fwp%2Fv2%2Fcategories&post=903"},{"taxonomy":"post_tag","embeddable":true,"href":"https:\/\/exhis.eu\/index.php?rest_route=%2Fwp%2Fv2%2Ftags&post=903"}],"curies":[{"name":"wp","href":"https:\/\/api.w.org\/{rel}","templated":true}]}}