{"id":933,"date":"2025-07-28T12:38:11","date_gmt":"2025-07-28T10:38:11","guid":{"rendered":"https:\/\/exhis.eu\/?p=933"},"modified":"2025-07-28T12:38:11","modified_gmt":"2025-07-28T10:38:11","slug":"hetedik-esemenyunk-szegeden-a-deak-ferenc-gimnaziumban-valosult-meg","status":"publish","type":"post","link":"https:\/\/exhis.eu\/?p=933&lang=hu","title":{"rendered":"Hetedik esem\u00e9ny\u00fcnk Szegeden, a De\u00e1k Ferenc Gimn\u00e1ziumban val\u00f3sult meg."},"content":{"rendered":"<p style=\"margin: 0cm 0cm 9.0pt 0cm;\"><span style=\"font-size: 14.5pt;\">H\u00e1rom szlov\u00e1kiai ki\u00e1ll\u00edt\u00e1st k\u00f6vet\u0151en a t\u00e1rlat Szegedre, Magyarorsz\u00e1gra k\u00f6lt\u00f6z\u00f6tt.<\/span><\/p>\n<p style=\"font-variant-caps: normal; font-stretch: normal; font-size-adjust: none; font-kerning: auto; font-variant-alternates: normal; font-variant-ligatures: normal; font-variant-numeric: normal; font-variant-east-asian: normal; font-variant-position: normal; font-variant-emoji: normal; font-feature-settings: normal; font-optical-sizing: auto; font-variation-settings: normal; -webkit-text-stroke-width: 0px; -webkit-text-stroke-color: #000000; margin: 0cm 0cm 9.0pt 0cm;\"><span style=\"font-kerning: none;\"><span style=\"font-size: 14.5pt;\">2025. m\u00e1rcius 11-t\u0151l a ki\u00e1ll\u00edt\u00e1s el\u0151zetes bejelentkez\u00e9s alapj\u00e1n volt l\u00e1togathat\u00f3.<\/span><\/span><\/p>\n<p style=\"font-variant-caps: normal; font-stretch: normal; font-size-adjust: none; font-kerning: auto; font-variant-alternates: normal; font-variant-ligatures: normal; font-variant-numeric: normal; font-variant-east-asian: normal; font-variant-position: normal; font-variant-emoji: normal; font-feature-settings: normal; font-optical-sizing: auto; font-variation-settings: normal; -webkit-text-stroke-width: 0px; -webkit-text-stroke-color: #000000; margin: 0cm 0cm 9.0pt 0cm;\"><span style=\"font-kerning: none;\"><span style=\"font-size: 14.5pt;\">A ki\u00e1ll\u00edt\u00e1s helysz\u00edne: De\u00e1k Ferenc Gimn\u00e1zium, 6723 Szeged, J\u00f3zsef Attila sug\u00e1r\u00fat 118.<\/span><\/span><\/p>\n","protected":false},"excerpt":{"rendered":"<p>H\u00e1rom szlov\u00e1kiai ki\u00e1ll\u00edt\u00e1st k\u00f6vet\u0151en a t\u00e1rlat Szegedre, Magyarorsz\u00e1gra k\u00f6lt\u00f6z\u00f6tt. 2025. m\u00e1rcius 11-t\u0151l a ki\u00e1ll\u00edt\u00e1s el\u0151zetes bejelentkez\u00e9s alapj\u00e1n volt l\u00e1togathat\u00f3. A ki\u00e1ll\u00edt\u00e1s helysz\u00edne: De\u00e1k Ferenc Gimn\u00e1zium, 6723 Szeged, J\u00f3zsef Attila sug\u00e1r\u00fat 118.<\/p>\n","protected":false},"author":7,"featured_media":768,"comment_status":"open","ping_status":"open","sticky":false,"template":"","format":"standard","meta":{"ngg_post_thumbnail":0,"footnotes":""},"categories":[41],"tags":[],"class_list":["post-933","post","type-post","status-publish","format-standard","has-post-thumbnail","hentry","category-esemenynaptar"],"_links":{"self":[{"href":"https:\/\/exhis.eu\/index.php?rest_route=\/wp\/v2\/posts\/933","targetHints":{"allow":["GET"]}}],"collection":[{"href":"https:\/\/exhis.eu\/index.php?rest_route=\/wp\/v2\/posts"}],"about":[{"href":"https:\/\/exhis.eu\/index.php?rest_route=\/wp\/v2\/types\/post"}],"author":[{"embeddable":true,"href":"https:\/\/exhis.eu\/index.php?rest_route=\/wp\/v2\/users\/7"}],"replies":[{"embeddable":true,"href":"https:\/\/exhis.eu\/index.php?rest_route=%2Fwp%2Fv2%2Fcomments&post=933"}],"version-history":[{"count":1,"href":"https:\/\/exhis.eu\/index.php?rest_route=\/wp\/v2\/posts\/933\/revisions"}],"predecessor-version":[{"id":934,"href":"https:\/\/exhis.eu\/index.php?rest_route=\/wp\/v2\/posts\/933\/revisions\/934"}],"wp:featuredmedia":[{"embeddable":true,"href":"https:\/\/exhis.eu\/index.php?rest_route=\/wp\/v2\/media\/768"}],"wp:attachment":[{"href":"https:\/\/exhis.eu\/index.php?rest_route=%2Fwp%2Fv2%2Fmedia&parent=933"}],"wp:term":[{"taxonomy":"category","embeddable":true,"href":"https:\/\/exhis.eu\/index.php?rest_route=%2Fwp%2Fv2%2Fcategories&post=933"},{"taxonomy":"post_tag","embeddable":true,"href":"https:\/\/exhis.eu\/index.php?rest_route=%2Fwp%2Fv2%2Ftags&post=933"}],"curies":[{"name":"wp","href":"https:\/\/api.w.org\/{rel}","templated":true}]}}