{"id":935,"date":"2025-07-28T12:40:03","date_gmt":"2025-07-28T10:40:03","guid":{"rendered":"https:\/\/exhis.eu\/?p=935"},"modified":"2025-07-28T12:40:03","modified_gmt":"2025-07-28T10:40:03","slug":"our-7th-event-took-place-in-szeged-at-the-deak-ferenc-high-school","status":"publish","type":"post","link":"https:\/\/exhis.eu\/?p=935","title":{"rendered":"Our 7th event took place in Szeged at the De\u00e1k Ferenc High School."},"content":{"rendered":"<p style=\"margin: 0cm 0cm 9.0pt 0cm;\"><span style=\"font-size: 14.5pt;\">Following three exhibitions in Slovakia, the exhibition then moved to Szeged, Hungary. From March 11, 2025, the exhibition was open to visitors upon appointment.<\/span><\/p>\n<p style=\"font-variant-caps: normal; font-stretch: normal; font-size-adjust: none; font-kerning: auto; font-variant-alternates: normal; font-variant-ligatures: normal; font-variant-numeric: normal; font-variant-east-asian: normal; font-variant-position: normal; font-variant-emoji: normal; font-feature-settings: normal; font-optical-sizing: auto; font-variation-settings: normal; -webkit-text-stroke-width: 0px; -webkit-text-stroke-color: #000000; min-height: 13.8px; margin: 0cm 0cm 9.0pt 0cm;\"><span style=\"font-size: 9.0pt;\">&nbsp;<\/span><\/p>\n<p style=\"font-variant-caps: normal; font-stretch: normal; font-size-adjust: none; font-kerning: auto; font-variant-alternates: normal; font-variant-ligatures: normal; font-variant-numeric: normal; font-variant-east-asian: normal; font-variant-position: normal; font-variant-emoji: normal; font-feature-settings: normal; font-optical-sizing: auto; font-variation-settings: normal; -webkit-text-stroke-width: 0px; -webkit-text-stroke-color: #000000; margin: 0cm 0cm 9.0pt 0cm;\"><span style=\"font-kerning: none;\"><span style=\"font-size: 14.5pt;\">Place of the exhibition was: De\u00e1k Ferenc High School, 6723 Szeged, J\u00f3zsef Attila sug\u00e1r\u00fat 118.<\/span><\/span><\/p>\n","protected":false},"excerpt":{"rendered":"<p>Following three exhibitions in Slovakia, the exhibition then moved to Szeged, Hungary. From March 11, 2025, the exhibition was open to visitors upon appointment. &nbsp; Place of the exhibition was: De\u00e1k Ferenc High School, 6723 Szeged, J\u00f3zsef Attila sug\u00e1r\u00fat 118.<\/p>\n","protected":false},"author":7,"featured_media":768,"comment_status":"open","ping_status":"open","sticky":false,"template":"","format":"standard","meta":{"ngg_post_thumbnail":0,"footnotes":""},"categories":[39],"tags":[],"class_list":["post-935","post","type-post","status-publish","format-standard","has-post-thumbnail","hentry","category-events"],"_links":{"self":[{"href":"https:\/\/exhis.eu\/index.php?rest_route=\/wp\/v2\/posts\/935","targetHints":{"allow":["GET"]}}],"collection":[{"href":"https:\/\/exhis.eu\/index.php?rest_route=\/wp\/v2\/posts"}],"about":[{"href":"https:\/\/exhis.eu\/index.php?rest_route=\/wp\/v2\/types\/post"}],"author":[{"embeddable":true,"href":"https:\/\/exhis.eu\/index.php?rest_route=\/wp\/v2\/users\/7"}],"replies":[{"embeddable":true,"href":"https:\/\/exhis.eu\/index.php?rest_route=%2Fwp%2Fv2%2Fcomments&post=935"}],"version-history":[{"count":1,"href":"https:\/\/exhis.eu\/index.php?rest_route=\/wp\/v2\/posts\/935\/revisions"}],"predecessor-version":[{"id":936,"href":"https:\/\/exhis.eu\/index.php?rest_route=\/wp\/v2\/posts\/935\/revisions\/936"}],"wp:featuredmedia":[{"embeddable":true,"href":"https:\/\/exhis.eu\/index.php?rest_route=\/wp\/v2\/media\/768"}],"wp:attachment":[{"href":"https:\/\/exhis.eu\/index.php?rest_route=%2Fwp%2Fv2%2Fmedia&parent=935"}],"wp:term":[{"taxonomy":"category","embeddable":true,"href":"https:\/\/exhis.eu\/index.php?rest_route=%2Fwp%2Fv2%2Fcategories&post=935"},{"taxonomy":"post_tag","embeddable":true,"href":"https:\/\/exhis.eu\/index.php?rest_route=%2Fwp%2Fv2%2Ftags&post=935"}],"curies":[{"name":"wp","href":"https:\/\/api.w.org\/{rel}","templated":true}]}}