{"id":966,"date":"2025-09-10T10:37:19","date_gmt":"2025-09-10T08:37:19","guid":{"rendered":"https:\/\/exhis.eu\/?p=966"},"modified":"2025-09-29T17:21:36","modified_gmt":"2025-09-29T15:21:36","slug":"al-12-lea-nostru-eveniment-are-loc-la-cluj-napoca-romania-la-liceul-greco-catolic-inochentie-micu","status":"publish","type":"post","link":"https:\/\/exhis.eu\/?p=966&lang=ro","title":{"rendered":"Al 12-lea nostru eveniment are loc la Cluj-Napoca, Rom\u00e2nia, la Liceul Greco-Catolic Inochentie Micu."},"content":{"rendered":"<p style=\"margin: 0cm 0cm 9.0pt 0cm;\"><span style=\"font-size: 14.5pt;\">Dup\u0103 expozi\u021bia din Satu Mare, expozi\u021bia ajunge acum la Cluj-Napoca. \u00cencep\u00e2nd cu 9 septembrie, expozi\u021bia va fi deschis\u0103 vizitatorilor timp de dou\u0103 s\u0103pt\u0103m\u00e2ni.<\/span><\/p>\n<p style=\"font-variant-caps: normal; font-width: normal; font-size-adjust: none; font-kerning: auto; font-variant-alternates: normal; font-variant-ligatures: normal; font-variant-numeric: normal; font-variant-east-asian: normal; font-variant-position: normal; font-variant-emoji: normal; font-feature-settings: normal; font-optical-sizing: auto; font-variation-settings: normal; -webkit-text-stroke-width: 0px; -webkit-text-stroke-color: #000000; margin: 0cm 0cm 9.0pt 0cm;\"><span style=\"font-kerning: none;\"><span style=\"font-size: 14.5pt;\">La expozi\u021bie, ghizii no\u0219tri voluntari juniori \u2013 instrui\u021bi de formatori experimenta\u021bi ai proiectului ExHis \u2013 vor prezenta modelul \u0219i contextul s\u0103u istoric.<\/span><\/span><!--more--><\/p>\n<p style=\"font-variant-caps: normal; font-width: normal; font-size-adjust: none; font-kerning: auto; font-variant-alternates: normal; font-variant-ligatures: normal; font-variant-numeric: normal; font-variant-east-asian: normal; font-variant-position: normal; font-variant-emoji: normal; font-feature-settings: normal; font-optical-sizing: auto; font-variation-settings: normal; -webkit-text-stroke-width: 0px; -webkit-text-stroke-color: #000000; margin: 0cm 0cm 9.0pt 0cm;\"><span style=\"font-kerning: none;\"><span style=\"font-size: 14.5pt;\">Prin \u00eenv\u0103\u021barea bazat\u0103 pe loc, ne propunem s\u0103 implic\u0103m tinerii, cadrele didactice \u0219i profesioni\u0219tii din educa\u021bie, \u00eemp\u0103rt\u0103\u0219ind povestea Holocaustului \u0219i implica\u021biile sale istorice \u0219i sociale mai largi.<\/span><\/span><\/p>\n<p style=\"font-variant-caps: normal; font-width: normal; font-size-adjust: none; font-kerning: auto; font-variant-alternates: normal; font-variant-ligatures: normal; font-variant-numeric: normal; font-variant-east-asian: normal; font-variant-position: normal; font-variant-emoji: normal; font-feature-settings: normal; font-optical-sizing: auto; font-variation-settings: normal; -webkit-text-stroke-width: 0px; -webkit-text-stroke-color: #000000; min-height: 13.8px; margin: 0cm 0cm 9.0pt 0cm;\"><span style=\"font-size: 9.0pt;\">&nbsp;<\/span><\/p>\n<p style=\"font-variant-caps: normal; font-width: normal; font-size-adjust: none; font-kerning: auto; font-variant-alternates: normal; font-variant-ligatures: normal; font-variant-numeric: normal; font-variant-east-asian: normal; font-variant-position: normal; font-variant-emoji: normal; font-feature-settings: normal; font-optical-sizing: auto; font-variation-settings: normal; -webkit-text-stroke-width: 0px; -webkit-text-stroke-color: #000000; margin: 0cm 0cm 9.0pt 0cm;\"><span style=\"font-kerning: none;\"><span style=\"font-size: 14.5pt;\">Locul expozi\u021biei:<\/span><\/span><\/p>\n<p style=\"font-variant-caps: normal; font-width: normal; font-size-adjust: none; font-kerning: auto; font-variant-alternates: normal; font-variant-ligatures: normal; font-variant-numeric: normal; font-variant-east-asian: normal; font-variant-position: normal; font-variant-emoji: normal; font-feature-settings: normal; font-optical-sizing: auto; font-variation-settings: normal; -webkit-text-stroke-width: 0px; -webkit-text-stroke-color: #000000; margin: 0cm 0cm 9.0pt 0cm;\"><span style=\"font-kerning: none;\"><span style=\"font-size: 14.5pt;\">Liceul Greco-Catolic Inochentie Micu, Calea Mo\u021bilor 24, Cluj-Napoca<\/span><\/span><\/p>\n","protected":false},"excerpt":{"rendered":"<p>Dup\u0103 expozi\u021bia din Satu Mare, expozi\u021bia ajunge acum la Cluj-Napoca. \u00cencep\u00e2nd cu 9 septembrie, expozi\u021bia va fi deschis\u0103 vizitatorilor timp de dou\u0103 s\u0103pt\u0103m\u00e2ni. La expozi\u021bie, ghizii no\u0219tri voluntari juniori \u2013 instrui\u021bi de formatori experimenta\u021bi ai proiectului ExHis \u2013 vor prezenta modelul \u0219i contextul s\u0103u istoric.<\/p>\n","protected":false},"author":7,"featured_media":961,"comment_status":"open","ping_status":"open","sticky":false,"template":"","format":"standard","meta":{"ngg_post_thumbnail":0,"footnotes":""},"categories":[43],"tags":[],"class_list":["post-966","post","type-post","status-publish","format-standard","has-post-thumbnail","hentry","category-evenimente"],"_links":{"self":[{"href":"https:\/\/exhis.eu\/index.php?rest_route=\/wp\/v2\/posts\/966","targetHints":{"allow":["GET"]}}],"collection":[{"href":"https:\/\/exhis.eu\/index.php?rest_route=\/wp\/v2\/posts"}],"about":[{"href":"https:\/\/exhis.eu\/index.php?rest_route=\/wp\/v2\/types\/post"}],"author":[{"embeddable":true,"href":"https:\/\/exhis.eu\/index.php?rest_route=\/wp\/v2\/users\/7"}],"replies":[{"embeddable":true,"href":"https:\/\/exhis.eu\/index.php?rest_route=%2Fwp%2Fv2%2Fcomments&post=966"}],"version-history":[{"count":1,"href":"https:\/\/exhis.eu\/index.php?rest_route=\/wp\/v2\/posts\/966\/revisions"}],"predecessor-version":[{"id":967,"href":"https:\/\/exhis.eu\/index.php?rest_route=\/wp\/v2\/posts\/966\/revisions\/967"}],"wp:featuredmedia":[{"embeddable":true,"href":"https:\/\/exhis.eu\/index.php?rest_route=\/wp\/v2\/media\/961"}],"wp:attachment":[{"href":"https:\/\/exhis.eu\/index.php?rest_route=%2Fwp%2Fv2%2Fmedia&parent=966"}],"wp:term":[{"taxonomy":"category","embeddable":true,"href":"https:\/\/exhis.eu\/index.php?rest_route=%2Fwp%2Fv2%2Fcategories&post=966"},{"taxonomy":"post_tag","embeddable":true,"href":"https:\/\/exhis.eu\/index.php?rest_route=%2Fwp%2Fv2%2Ftags&post=966"}],"curies":[{"name":"wp","href":"https:\/\/api.w.org\/{rel}","templated":true}]}}