{"id":968,"date":"2025-09-10T10:38:02","date_gmt":"2025-09-10T08:38:02","guid":{"rendered":"https:\/\/exhis.eu\/?p=968"},"modified":"2025-09-29T17:23:00","modified_gmt":"2025-09-29T15:23:00","slug":"nase-12-podujatie-sa-uskutocni-v-kluzi-cluj-napoca-rumunsko-v-budove-liceul-greco-catolic-inochentie-micu","status":"publish","type":"post","link":"https:\/\/exhis.eu\/?p=968&lang=sk","title":{"rendered":"Na\u0161e 12. podujatie sa uskuto\u010dn\u00ed v Klu\u017ei (Cluj-Napoca), Rumunsko, v budove Liceul Greco-Catolic Inochentie Micu."},"content":{"rendered":"<p style=\"margin: 0cm 0cm 9.0pt 0cm;\"><span style=\"font-size: 14.5pt;\">Po v\u00fdstave v Satu Mare sa expoz\u00edcia teraz pres\u00fava do Klu\u017eu. Od 9. septembra bude v\u00fdstava otvoren\u00e1 pre n\u00e1v\u0161tevn\u00edkov po\u010das dvoch t\u00fd\u017ed\u0148ov.<\/span><\/p>\n<p style=\"font-variant-caps: normal; font-width: normal; font-size-adjust: none; font-kerning: auto; font-variant-alternates: normal; font-variant-ligatures: normal; font-variant-numeric: normal; font-variant-east-asian: normal; font-variant-position: normal; font-variant-emoji: normal; font-feature-settings: normal; font-optical-sizing: auto; font-variation-settings: normal; -webkit-text-stroke-width: 0px; -webkit-text-stroke-color: #000000; margin: 0cm 0cm 9.0pt 0cm;\"><span style=\"font-kerning: none;\"><span style=\"font-size: 14.5pt;\">Na v\u00fdstave na\u0161i mlad\u00ed dobrovo\u013en\u00ed sprievodcovia \u2013 vy\u0161kolen\u00ed sk\u00fasen\u00fdmi tr\u00e9nermi projektu ExHis \u2013 predstavia model a jeho historick\u00fd kontext.<\/span><\/span><!--more--><\/p>\n<p style=\"font-variant-caps: normal; font-width: normal; font-size-adjust: none; font-kerning: auto; font-variant-alternates: normal; font-variant-ligatures: normal; font-variant-numeric: normal; font-variant-east-asian: normal; font-variant-position: normal; font-variant-emoji: normal; font-feature-settings: normal; font-optical-sizing: auto; font-variation-settings: normal; -webkit-text-stroke-width: 0px; -webkit-text-stroke-color: #000000; margin: 0cm 0cm 9.0pt 0cm;\"><span style=\"font-kerning: none;\"><span style=\"font-size: 14.5pt;\">Prostredn\u00edctvom u\u010denia sa na mieste chceme zapoji\u0165 mlad\u00fdch \u013eud\u00ed, pedag\u00f3gov a odborn\u00edkov v oblasti vzdel\u00e1vania a pribl\u00ed\u017ei\u0165 pr\u00edbeh holokaustu a jeho \u0161ir\u0161ie historick\u00e9 a spolo\u010densk\u00e9 s\u00favislosti.<\/span><\/span><\/p>\n<p style=\"font-variant-caps: normal; font-width: normal; font-size-adjust: none; font-kerning: auto; font-variant-alternates: normal; font-variant-ligatures: normal; font-variant-numeric: normal; font-variant-east-asian: normal; font-variant-position: normal; font-variant-emoji: normal; font-feature-settings: normal; font-optical-sizing: auto; font-variation-settings: normal; -webkit-text-stroke-width: 0px; -webkit-text-stroke-color: #000000; min-height: 13.8px; margin: 0cm 0cm 9.0pt 0cm;\"><span style=\"font-size: 9.0pt;\">&nbsp;<\/span><\/p>\n<p style=\"font-variant-caps: normal; font-width: normal; font-size-adjust: none; font-kerning: auto; font-variant-alternates: normal; font-variant-ligatures: normal; font-variant-numeric: normal; font-variant-east-asian: normal; font-variant-position: normal; font-variant-emoji: normal; font-feature-settings: normal; font-optical-sizing: auto; font-variation-settings: normal; -webkit-text-stroke-width: 0px; -webkit-text-stroke-color: #000000; margin: 0cm 0cm 9.0pt 0cm;\"><span style=\"font-kerning: none;\"><span style=\"font-size: 14.5pt;\">Miesto v\u00fdstavy:<\/span><\/span><\/p>\n<p style=\"font-width: normal; font-size-adjust: none; font-kerning: auto; font-variant-alternates: normal; font-variant-ligatures: normal; font-variant-numeric: normal; font-variant-east-asian: normal; font-variant-position: normal; font-feature-settings: normal; font-optical-sizing: auto; font-variation-settings: normal; -webkit-text-stroke-color: #000000; min-height: 13.8px; margin: 0cm 0cm 9.0pt 0cm;\"><span style=\"font-size: 14.5pt;\"><span style=\"font-kerning: none;\">Liceul Greco-Catolic Inochentie Micu, Calea Mo\u021bilor 24, Cluj-Napoca<\/span><\/span><\/p>\n","protected":false},"excerpt":{"rendered":"<p>Po v\u00fdstave v Satu Mare sa expoz\u00edcia teraz pres\u00fava do Klu\u017eu. Od 9. septembra bude v\u00fdstava otvoren\u00e1 pre n\u00e1v\u0161tevn\u00edkov po\u010das dvoch t\u00fd\u017ed\u0148ov. Na v\u00fdstave na\u0161i mlad\u00ed dobrovo\u013en\u00ed sprievodcovia \u2013 vy\u0161kolen\u00ed sk\u00fasen\u00fdmi tr\u00e9nermi projektu ExHis \u2013 predstavia model a jeho historick\u00fd kontext.<\/p>\n","protected":false},"author":7,"featured_media":961,"comment_status":"open","ping_status":"open","sticky":false,"template":"","format":"standard","meta":{"ngg_post_thumbnail":0,"footnotes":""},"categories":[45],"tags":[],"class_list":["post-968","post","type-post","status-publish","format-standard","has-post-thumbnail","hentry","category-udalosti"],"_links":{"self":[{"href":"https:\/\/exhis.eu\/index.php?rest_route=\/wp\/v2\/posts\/968","targetHints":{"allow":["GET"]}}],"collection":[{"href":"https:\/\/exhis.eu\/index.php?rest_route=\/wp\/v2\/posts"}],"about":[{"href":"https:\/\/exhis.eu\/index.php?rest_route=\/wp\/v2\/types\/post"}],"author":[{"embeddable":true,"href":"https:\/\/exhis.eu\/index.php?rest_route=\/wp\/v2\/users\/7"}],"replies":[{"embeddable":true,"href":"https:\/\/exhis.eu\/index.php?rest_route=%2Fwp%2Fv2%2Fcomments&post=968"}],"version-history":[{"count":1,"href":"https:\/\/exhis.eu\/index.php?rest_route=\/wp\/v2\/posts\/968\/revisions"}],"predecessor-version":[{"id":969,"href":"https:\/\/exhis.eu\/index.php?rest_route=\/wp\/v2\/posts\/968\/revisions\/969"}],"wp:featuredmedia":[{"embeddable":true,"href":"https:\/\/exhis.eu\/index.php?rest_route=\/wp\/v2\/media\/961"}],"wp:attachment":[{"href":"https:\/\/exhis.eu\/index.php?rest_route=%2Fwp%2Fv2%2Fmedia&parent=968"}],"wp:term":[{"taxonomy":"category","embeddable":true,"href":"https:\/\/exhis.eu\/index.php?rest_route=%2Fwp%2Fv2%2Fcategories&post=968"},{"taxonomy":"post_tag","embeddable":true,"href":"https:\/\/exhis.eu\/index.php?rest_route=%2Fwp%2Fv2%2Ftags&post=968"}],"curies":[{"name":"wp","href":"https:\/\/api.w.org\/{rel}","templated":true}]}}