{"id":972,"date":"2025-09-29T17:15:25","date_gmt":"2025-09-29T15:15:25","guid":{"rendered":"https:\/\/exhis.eu\/?p=972"},"modified":"2025-09-29T17:17:08","modified_gmt":"2025-09-29T15:17:08","slug":"tizenharmadik-rendezvenyunkre-balassagyarmaton-kerul-sor-a-balassi-balint-gimnazium-epuleteben","status":"publish","type":"post","link":"https:\/\/exhis.eu\/?p=972&lang=hu","title":{"rendered":"Tizenharmadik rendezv\u00e9ny\u00fcnkre Balassagyarmaton ker\u00fcl sor, a Balassi B\u00e1lint gimn\u00e1zium \u00e9p\u00fclet\u00e9ben."},"content":{"rendered":"<p>A kolozsv\u00e1ri ki\u00e1ll\u00edt\u00e1st k\u00f6vet\u0151en a t\u00e1rlat most Balassagyarmatra \u00e9rkezik. Szeptember 23-t\u00f3l kezd\u0151d\u0151en mintegy k\u00e9t h\u00e9ten \u00e1t lesz l\u00e1togathat\u00f3.<\/p>\n<p>A ki\u00e1ll\u00edt\u00e1son fiatal \u00f6nk\u00e9ntes t\u00e1rlatvezet\u0151ink \u2013 akiket tapasztalt ExHis projektoktat\u00f3k k\u00e9peztek \u2013 mutatj\u00e1k be a modellt \u00e9s annak t\u00f6rt\u00e9nelmi kontextus\u00e1t.<\/p>\n<p>A helyhez k\u00f6t\u0151d\u0151 tanul\u00e1s m\u00f3dszer\u00e9vel szeretn\u00e9nk megsz\u00f3l\u00edtani a fiatalokat, pedag\u00f3gusokat \u00e9s oktat\u00e1si szakembereket, megosztva a holokauszt t\u00f6rt\u00e9net\u00e9t \u00e9s annak sz\u00e9lesebb t\u00f6rt\u00e9nelmi-t\u00e1rsadalmi vonatkoz\u00e1sait.<!--more--><\/p>\n<p>A ki\u00e1ll\u00edt\u00e1s a gimn\u00e1ziummal val\u00f3 el\u0151zetes egyeztet\u00e9s alapj\u00e1n l\u00e1togathat\u00f3.<\/p>\n<p>A ki\u00e1ll\u00edt\u00e1s helysz\u00edne: Balassi B\u00e1lint Gimn\u00e1zium<\/p>\n<p>2660 Balassagyarmat, De\u00e1k Ferenc u. &nbsp;17.<\/p>\n<p>&nbsp;<\/p>\n","protected":false},"excerpt":{"rendered":"<p>A kolozsv\u00e1ri ki\u00e1ll\u00edt\u00e1st k\u00f6vet\u0151en a t\u00e1rlat most Balassagyarmatra \u00e9rkezik. Szeptember 23-t\u00f3l kezd\u0151d\u0151en mintegy k\u00e9t h\u00e9ten \u00e1t lesz l\u00e1togathat\u00f3. A ki\u00e1ll\u00edt\u00e1son fiatal \u00f6nk\u00e9ntes t\u00e1rlatvezet\u0151ink \u2013 akiket tapasztalt ExHis projektoktat\u00f3k k\u00e9peztek \u2013 mutatj\u00e1k be a modellt \u00e9s annak t\u00f6rt\u00e9nelmi kontextus\u00e1t. A helyhez k\u00f6t\u0151d\u0151 tanul\u00e1s m\u00f3dszer\u00e9vel szeretn\u00e9nk megsz\u00f3l\u00edtani a fiatalokat, pedag\u00f3gusokat \u00e9s oktat\u00e1si szakembereket, megosztva a holokauszt t\u00f6rt\u00e9net\u00e9t [&hellip;]<\/p>\n","protected":false},"author":7,"featured_media":973,"comment_status":"open","ping_status":"open","sticky":false,"template":"","format":"standard","meta":{"ngg_post_thumbnail":0,"footnotes":""},"categories":[41],"tags":[],"class_list":["post-972","post","type-post","status-publish","format-standard","has-post-thumbnail","hentry","category-esemenynaptar"],"_links":{"self":[{"href":"https:\/\/exhis.eu\/index.php?rest_route=\/wp\/v2\/posts\/972","targetHints":{"allow":["GET"]}}],"collection":[{"href":"https:\/\/exhis.eu\/index.php?rest_route=\/wp\/v2\/posts"}],"about":[{"href":"https:\/\/exhis.eu\/index.php?rest_route=\/wp\/v2\/types\/post"}],"author":[{"embeddable":true,"href":"https:\/\/exhis.eu\/index.php?rest_route=\/wp\/v2\/users\/7"}],"replies":[{"embeddable":true,"href":"https:\/\/exhis.eu\/index.php?rest_route=%2Fwp%2Fv2%2Fcomments&post=972"}],"version-history":[{"count":2,"href":"https:\/\/exhis.eu\/index.php?rest_route=\/wp\/v2\/posts\/972\/revisions"}],"predecessor-version":[{"id":975,"href":"https:\/\/exhis.eu\/index.php?rest_route=\/wp\/v2\/posts\/972\/revisions\/975"}],"wp:featuredmedia":[{"embeddable":true,"href":"https:\/\/exhis.eu\/index.php?rest_route=\/wp\/v2\/media\/973"}],"wp:attachment":[{"href":"https:\/\/exhis.eu\/index.php?rest_route=%2Fwp%2Fv2%2Fmedia&parent=972"}],"wp:term":[{"taxonomy":"category","embeddable":true,"href":"https:\/\/exhis.eu\/index.php?rest_route=%2Fwp%2Fv2%2Fcategories&post=972"},{"taxonomy":"post_tag","embeddable":true,"href":"https:\/\/exhis.eu\/index.php?rest_route=%2Fwp%2Fv2%2Ftags&post=972"}],"curies":[{"name":"wp","href":"https:\/\/api.w.org\/{rel}","templated":true}]}}