{"id":978,"date":"2025-09-29T17:21:19","date_gmt":"2025-09-29T15:21:19","guid":{"rendered":"https:\/\/exhis.eu\/?p=978"},"modified":"2025-09-29T17:21:19","modified_gmt":"2025-09-29T15:21:19","slug":"cel-de-al-treisprezecelea-eveniment-al-nostru-va-avea-loc-la-balassagyarmat-in-cladirea-liceului-balassi-balint","status":"publish","type":"post","link":"https:\/\/exhis.eu\/?p=978&lang=ro","title":{"rendered":"Cel de-al treisprezecelea eveniment al nostru va avea loc la Balassagyarmat, \u00een cl\u0103direa Liceului Balassi B\u00e1lint."},"content":{"rendered":"<p>Dup\u0103 expozi\u021bia de la Cluj-Napoca, expozi\u021bia ajunge acum la Balassagyarmat. \u00cencep\u00e2nd cu 23 septembrie, va putea fi vizitat\u0103 timp de aproximativ dou\u0103 s\u0103pt\u0103m\u00e2ni.<\/p>\n<p>La expozi\u021bie, tinerii no\u0219tri ghizi voluntari \u2013 forma\u021bi de educatori experimenta\u021bi ai proiectului ExHis \u2013 vor prezenta modelul \u0219i contextul s\u0103u istoric.<!--more--><\/p>\n<p>Prin metoda \u00eenv\u0103\u021b\u0103rii bazate pe loc, dorim s\u0103 implic\u0103m tinerii, profesorii \u0219i speciali\u0219tii \u00een educa\u021bie, \u00eemp\u0103rt\u0103\u0219ind istoria Holocaustului \u0219i implica\u021biile sale istorice \u0219i sociale mai largi.<\/p>\n<p>Expozi\u021bia poate fi vizitat\u0103 pe baza unei \u00een\u021belegeri prealabile cu liceul.<\/p>\n<p>Loca\u021bia expozi\u021biei:<\/p>\n<p>Liceul Balassi B\u00e1lint<\/p>\n<p>2660 Balassagyarmat, Str. De\u00e1k Ferenc nr. 17<\/p>\n","protected":false},"excerpt":{"rendered":"<p>Dup\u0103 expozi\u021bia de la Cluj-Napoca, expozi\u021bia ajunge acum la Balassagyarmat. \u00cencep\u00e2nd cu 23 septembrie, va putea fi vizitat\u0103 timp de aproximativ dou\u0103 s\u0103pt\u0103m\u00e2ni. La expozi\u021bie, tinerii no\u0219tri ghizi voluntari \u2013 forma\u021bi de educatori experimenta\u021bi ai proiectului ExHis \u2013 vor prezenta modelul \u0219i contextul s\u0103u istoric.<\/p>\n","protected":false},"author":7,"featured_media":973,"comment_status":"open","ping_status":"open","sticky":false,"template":"","format":"standard","meta":{"ngg_post_thumbnail":0,"footnotes":""},"categories":[43],"tags":[],"class_list":["post-978","post","type-post","status-publish","format-standard","has-post-thumbnail","hentry","category-evenimente"],"_links":{"self":[{"href":"https:\/\/exhis.eu\/index.php?rest_route=\/wp\/v2\/posts\/978","targetHints":{"allow":["GET"]}}],"collection":[{"href":"https:\/\/exhis.eu\/index.php?rest_route=\/wp\/v2\/posts"}],"about":[{"href":"https:\/\/exhis.eu\/index.php?rest_route=\/wp\/v2\/types\/post"}],"author":[{"embeddable":true,"href":"https:\/\/exhis.eu\/index.php?rest_route=\/wp\/v2\/users\/7"}],"replies":[{"embeddable":true,"href":"https:\/\/exhis.eu\/index.php?rest_route=%2Fwp%2Fv2%2Fcomments&post=978"}],"version-history":[{"count":1,"href":"https:\/\/exhis.eu\/index.php?rest_route=\/wp\/v2\/posts\/978\/revisions"}],"predecessor-version":[{"id":979,"href":"https:\/\/exhis.eu\/index.php?rest_route=\/wp\/v2\/posts\/978\/revisions\/979"}],"wp:featuredmedia":[{"embeddable":true,"href":"https:\/\/exhis.eu\/index.php?rest_route=\/wp\/v2\/media\/973"}],"wp:attachment":[{"href":"https:\/\/exhis.eu\/index.php?rest_route=%2Fwp%2Fv2%2Fmedia&parent=978"}],"wp:term":[{"taxonomy":"category","embeddable":true,"href":"https:\/\/exhis.eu\/index.php?rest_route=%2Fwp%2Fv2%2Fcategories&post=978"},{"taxonomy":"post_tag","embeddable":true,"href":"https:\/\/exhis.eu\/index.php?rest_route=%2Fwp%2Fv2%2Ftags&post=978"}],"curies":[{"name":"wp","href":"https:\/\/api.w.org\/{rel}","templated":true}]}}