{"id":983,"date":"2025-10-20T23:56:31","date_gmt":"2025-10-20T21:56:31","guid":{"rendered":"https:\/\/exhis.eu\/?p=983"},"modified":"2025-10-20T23:56:31","modified_gmt":"2025-10-20T21:56:31","slug":"nase-strnaste-podujatie-sa-uskutocni-v-egeri-v-budove-egri-szilagyi-erzsebet-gimnazium-es-kollegium","status":"publish","type":"post","link":"https:\/\/exhis.eu\/?p=983&lang=sk","title":{"rendered":"Na\u0161e \u0161trn\u00e1ste podujatie sa uskuto\u010dn\u00ed v Egeri, v budove Egri Szil\u00e1gyi Erzs\u00e9bet Gimn\u00e1zium \u00e9s Koll\u00e9gium."},"content":{"rendered":"<p class=\"p3\">Po v\u00fdstave v Balassagyarmate prich\u00e1dza expoz\u00edcia teraz do Egru, kde bude pr\u00edstupn\u00e1 pre verejnos\u0165 od 20. okt\u00f3bra.<\/p>\n<p class=\"p3\">Na v\u00fdstave bud\u00fa na\u0161i mlad\u00ed dobrovo\u013en\u00ed sprievodcovia \u2013 vy\u0161kolen\u00ed sk\u00fasen\u00fdmi pedag\u00f3gmi projektu ExHis \u2013 predstavova\u0165 model a jeho historick\u00fd kontext.<!--more--><\/p>\n<p class=\"p3\">Met\u00f3dou u\u010denia sa prostredn\u00edctvom miesta chceme oslovi\u0165 mlad\u00fdch \u013eud\u00ed, u\u010dite\u013eov a odborn\u00edkov vo vzdel\u00e1van\u00ed, aby sme zdie\u013eali hist\u00f3riu holokaustu a jeho \u0161ir\u0161ie historicko-spolo\u010densk\u00e9 s\u00favislosti.<\/p>\n<p class=\"p2\">V\u00fdstavu je mo\u017en\u00e9 nav\u0161t\u00edvi\u0165 po predch\u00e1dzaj\u00facej dohode so strednou \u0161kolou.<\/p>\n<p class=\"p2\">&nbsp;<\/p>\n<p class=\"p4\"><b>Miesto konania:<\/b><\/p>\n<p class=\"p3\">Egri Szil\u00e1gyi Erzs\u00e9bet Gimn\u00e1zium \u00e9s Koll\u00e9gium<\/p>\n<p class=\"p3\">3300 Eger, Ifj\u00fas\u00e1g \u00fat 2.<\/p>\n","protected":false},"excerpt":{"rendered":"<p>Po v\u00fdstave v Balassagyarmate prich\u00e1dza expoz\u00edcia teraz do Egru, kde bude pr\u00edstupn\u00e1 pre verejnos\u0165 od 20. okt\u00f3bra. Na v\u00fdstave bud\u00fa na\u0161i mlad\u00ed dobrovo\u013en\u00ed sprievodcovia \u2013 vy\u0161kolen\u00ed sk\u00fasen\u00fdmi pedag\u00f3gmi projektu ExHis \u2013 predstavova\u0165 model a jeho historick\u00fd kontext.<\/p>\n","protected":false},"author":7,"featured_media":984,"comment_status":"open","ping_status":"open","sticky":false,"template":"","format":"standard","meta":{"ngg_post_thumbnail":0,"footnotes":""},"categories":[45],"tags":[],"class_list":["post-983","post","type-post","status-publish","format-standard","has-post-thumbnail","hentry","category-udalosti"],"_links":{"self":[{"href":"https:\/\/exhis.eu\/index.php?rest_route=\/wp\/v2\/posts\/983","targetHints":{"allow":["GET"]}}],"collection":[{"href":"https:\/\/exhis.eu\/index.php?rest_route=\/wp\/v2\/posts"}],"about":[{"href":"https:\/\/exhis.eu\/index.php?rest_route=\/wp\/v2\/types\/post"}],"author":[{"embeddable":true,"href":"https:\/\/exhis.eu\/index.php?rest_route=\/wp\/v2\/users\/7"}],"replies":[{"embeddable":true,"href":"https:\/\/exhis.eu\/index.php?rest_route=%2Fwp%2Fv2%2Fcomments&post=983"}],"version-history":[{"count":1,"href":"https:\/\/exhis.eu\/index.php?rest_route=\/wp\/v2\/posts\/983\/revisions"}],"predecessor-version":[{"id":985,"href":"https:\/\/exhis.eu\/index.php?rest_route=\/wp\/v2\/posts\/983\/revisions\/985"}],"wp:featuredmedia":[{"embeddable":true,"href":"https:\/\/exhis.eu\/index.php?rest_route=\/wp\/v2\/media\/984"}],"wp:attachment":[{"href":"https:\/\/exhis.eu\/index.php?rest_route=%2Fwp%2Fv2%2Fmedia&parent=983"}],"wp:term":[{"taxonomy":"category","embeddable":true,"href":"https:\/\/exhis.eu\/index.php?rest_route=%2Fwp%2Fv2%2Fcategories&post=983"},{"taxonomy":"post_tag","embeddable":true,"href":"https:\/\/exhis.eu\/index.php?rest_route=%2Fwp%2Fv2%2Ftags&post=983"}],"curies":[{"name":"wp","href":"https:\/\/api.w.org\/{rel}","templated":true}]}}