{"id":992,"date":"2025-10-20T23:59:03","date_gmt":"2025-10-20T21:59:03","guid":{"rendered":"https:\/\/exhis.eu\/?p=992"},"modified":"2025-10-20T23:59:03","modified_gmt":"2025-10-20T21:59:03","slug":"tizennegyedik-rendezvenyunkre-egerben-kerul-sor-az-egri-szilagyi-erzsebet-gimnazium-es-kollegium-epuleteben","status":"publish","type":"post","link":"https:\/\/exhis.eu\/?p=992&lang=hu","title":{"rendered":"Tizennegyedik rendezv\u00e9ny\u00fcnkre Egerben ker\u00fcl sor, az Egri Szil\u00e1gyi Erzs\u00e9bet Gimn\u00e1zium \u00e9s Koll\u00e9gium \u00e9p\u00fclet\u00e9ben."},"content":{"rendered":"<p>A balassagyarmati ki\u00e1ll\u00edt\u00e1st k\u00f6vet\u0151en a t\u00e1rlat most Egerbe \u00e9rkezik, ahol okt\u00f3ber 20-t\u00f3l kezd\u0151d\u0151en lesz l\u00e1togathat\u00f3.<\/p>\n<p>A ki\u00e1ll\u00edt\u00e1son fiatal \u00f6nk\u00e9ntes t\u00e1rlatvezet\u0151ink \u2013 akiket tapasztalt ExHis projektoktat\u00f3k k\u00e9peztek \u2013 mutatj\u00e1k be a modellt \u00e9s annak t\u00f6rt\u00e9nelmi kontextus\u00e1t.<!--more--><\/p>\n<p>A helyhez k\u00f6t\u0151d\u0151 tanul\u00e1s m\u00f3dszer\u00e9vel szeretn\u00e9nk megsz\u00f3l\u00edtani a fiatalokat, pedag\u00f3gusokat \u00e9s oktat\u00e1si szakembereket, megosztva a holokauszt t\u00f6rt\u00e9net\u00e9t \u00e9s annak sz\u00e9lesebb t\u00f6rt\u00e9nelmi-t\u00e1rsadalmi vonatkoz\u00e1sait.<\/p>\n<p>A ki\u00e1ll\u00edt\u00e1s a gimn\u00e1ziummal val\u00f3 el\u0151zetes egyeztet\u00e9s alapj\u00e1n l\u00e1togathat\u00f3.<\/p>\n<p>&nbsp;<\/p>\n<p>A ki\u00e1ll\u00edt\u00e1s helysz\u00edne: &nbsp;Egri Szil\u00e1gyi Erzs\u00e9bet Gimn\u00e1zium \u00e9s Koll\u00e9gium<\/p>\n<p>3300 Eger, Ifj\u00fas\u00e1g \u00fat 2.<\/p>\n","protected":false},"excerpt":{"rendered":"<p>A balassagyarmati ki\u00e1ll\u00edt\u00e1st k\u00f6vet\u0151en a t\u00e1rlat most Egerbe \u00e9rkezik, ahol okt\u00f3ber 20-t\u00f3l kezd\u0151d\u0151en lesz l\u00e1togathat\u00f3. A ki\u00e1ll\u00edt\u00e1son fiatal \u00f6nk\u00e9ntes t\u00e1rlatvezet\u0151ink \u2013 akiket tapasztalt ExHis projektoktat\u00f3k k\u00e9peztek \u2013 mutatj\u00e1k be a modellt \u00e9s annak t\u00f6rt\u00e9nelmi kontextus\u00e1t.<\/p>\n","protected":false},"author":7,"featured_media":984,"comment_status":"open","ping_status":"open","sticky":false,"template":"","format":"standard","meta":{"ngg_post_thumbnail":0,"footnotes":""},"categories":[41],"tags":[],"class_list":["post-992","post","type-post","status-publish","format-standard","has-post-thumbnail","hentry","category-esemenynaptar"],"_links":{"self":[{"href":"https:\/\/exhis.eu\/index.php?rest_route=\/wp\/v2\/posts\/992","targetHints":{"allow":["GET"]}}],"collection":[{"href":"https:\/\/exhis.eu\/index.php?rest_route=\/wp\/v2\/posts"}],"about":[{"href":"https:\/\/exhis.eu\/index.php?rest_route=\/wp\/v2\/types\/post"}],"author":[{"embeddable":true,"href":"https:\/\/exhis.eu\/index.php?rest_route=\/wp\/v2\/users\/7"}],"replies":[{"embeddable":true,"href":"https:\/\/exhis.eu\/index.php?rest_route=%2Fwp%2Fv2%2Fcomments&post=992"}],"version-history":[{"count":1,"href":"https:\/\/exhis.eu\/index.php?rest_route=\/wp\/v2\/posts\/992\/revisions"}],"predecessor-version":[{"id":993,"href":"https:\/\/exhis.eu\/index.php?rest_route=\/wp\/v2\/posts\/992\/revisions\/993"}],"wp:featuredmedia":[{"embeddable":true,"href":"https:\/\/exhis.eu\/index.php?rest_route=\/wp\/v2\/media\/984"}],"wp:attachment":[{"href":"https:\/\/exhis.eu\/index.php?rest_route=%2Fwp%2Fv2%2Fmedia&parent=992"}],"wp:term":[{"taxonomy":"category","embeddable":true,"href":"https:\/\/exhis.eu\/index.php?rest_route=%2Fwp%2Fv2%2Fcategories&post=992"},{"taxonomy":"post_tag","embeddable":true,"href":"https:\/\/exhis.eu\/index.php?rest_route=%2Fwp%2Fv2%2Ftags&post=992"}],"curies":[{"name":"wp","href":"https:\/\/api.w.org\/{rel}","templated":true}]}}