{"id":994,"date":"2025-10-20T23:59:56","date_gmt":"2025-10-20T21:59:56","guid":{"rendered":"https:\/\/exhis.eu\/?p=994"},"modified":"2025-10-20T23:59:56","modified_gmt":"2025-10-20T21:59:56","slug":"cel-de-al-paisprezecelea-eveniment-al-nostru-va-avea-loc-la-eger-in-cladirea-liceului-si-internatului-szilagyi-erzsebet-din-eger","status":"publish","type":"post","link":"https:\/\/exhis.eu\/?p=994&lang=ro","title":{"rendered":"Cel de-al paisprezecelea eveniment al nostru va avea loc la Eger, \u00een cl\u0103direa Liceului \u0219i Internatului Szil\u00e1gyi Erzs\u00e9bet din Eger."},"content":{"rendered":"<p class=\"p3\">Dup\u0103 expozi\u021bia de la Balassagyarmat, expozi\u021bia ajunge acum la Eger, unde va putea fi vizitat\u0103 \u00eencep\u00e2nd cu data de 20 octombrie.<\/p>\n<p class=\"p3\">La expozi\u021bie, tinerii no\u0219tri ghizi voluntari \u2013 instrui\u021bi de formatori experimenta\u021bi ai proiectului ExHis \u2013 vor prezenta macheta \u0219i contextul ei istoric.<!--more--><\/p>\n<p class=\"p3\">Prin metoda \u00eenv\u0103\u021b\u0103rii bazate pe loc, dorim s\u0103 implic\u0103m tinerii, profesorii \u0219i speciali\u0219tii \u00een educa\u021bie, \u00eemp\u0103rt\u0103\u0219ind istoria Holocaustului \u0219i implica\u021biile sale istorice \u0219i sociale mai largi.<\/p>\n<p class=\"p3\">Expozi\u021bia poate fi vizitat\u0103 pe baza unei program\u0103ri prealabile cu liceul.<\/p>\n<p class=\"p2\">&nbsp;<\/p>\n<p class=\"p4\"><b>Locul desf\u0103\u0219ur\u0103rii:<\/b><\/p>\n<p class=\"p3\">Liceul \u0219i Internatul Szil\u00e1gyi Erzs\u00e9bet din Eger<\/p>\n<p class=\"p3\">3300 Eger, str. Ifj\u00fas\u00e1g nr. 2.<\/p>\n","protected":false},"excerpt":{"rendered":"<p>Dup\u0103 expozi\u021bia de la Balassagyarmat, expozi\u021bia ajunge acum la Eger, unde va putea fi vizitat\u0103 \u00eencep\u00e2nd cu data de 20 octombrie. La expozi\u021bie, tinerii no\u0219tri ghizi voluntari \u2013 instrui\u021bi de formatori experimenta\u021bi ai proiectului ExHis \u2013 vor prezenta macheta \u0219i contextul ei istoric.<\/p>\n","protected":false},"author":7,"featured_media":984,"comment_status":"open","ping_status":"open","sticky":false,"template":"","format":"standard","meta":{"ngg_post_thumbnail":0,"footnotes":""},"categories":[43],"tags":[],"class_list":["post-994","post","type-post","status-publish","format-standard","has-post-thumbnail","hentry","category-evenimente"],"_links":{"self":[{"href":"https:\/\/exhis.eu\/index.php?rest_route=\/wp\/v2\/posts\/994","targetHints":{"allow":["GET"]}}],"collection":[{"href":"https:\/\/exhis.eu\/index.php?rest_route=\/wp\/v2\/posts"}],"about":[{"href":"https:\/\/exhis.eu\/index.php?rest_route=\/wp\/v2\/types\/post"}],"author":[{"embeddable":true,"href":"https:\/\/exhis.eu\/index.php?rest_route=\/wp\/v2\/users\/7"}],"replies":[{"embeddable":true,"href":"https:\/\/exhis.eu\/index.php?rest_route=%2Fwp%2Fv2%2Fcomments&post=994"}],"version-history":[{"count":1,"href":"https:\/\/exhis.eu\/index.php?rest_route=\/wp\/v2\/posts\/994\/revisions"}],"predecessor-version":[{"id":995,"href":"https:\/\/exhis.eu\/index.php?rest_route=\/wp\/v2\/posts\/994\/revisions\/995"}],"wp:featuredmedia":[{"embeddable":true,"href":"https:\/\/exhis.eu\/index.php?rest_route=\/wp\/v2\/media\/984"}],"wp:attachment":[{"href":"https:\/\/exhis.eu\/index.php?rest_route=%2Fwp%2Fv2%2Fmedia&parent=994"}],"wp:term":[{"taxonomy":"category","embeddable":true,"href":"https:\/\/exhis.eu\/index.php?rest_route=%2Fwp%2Fv2%2Fcategories&post=994"},{"taxonomy":"post_tag","embeddable":true,"href":"https:\/\/exhis.eu\/index.php?rest_route=%2Fwp%2Fv2%2Ftags&post=994"}],"curies":[{"name":"wp","href":"https:\/\/api.w.org\/{rel}","templated":true}]}}